{"id":937,"date":"2023-11-12T19:33:44","date_gmt":"2023-11-12T18:33:44","guid":{"rendered":"https:\/\/eve95ermont.com\/?p=937"},"modified":"2024-02-12T19:12:24","modified_gmt":"2024-02-12T18:12:24","slug":"eve-au-telethon-ermont-2023","status":"publish","type":"post","link":"https:\/\/eve95ermont.com\/index.php\/2023\/11\/12\/eve-au-telethon-ermont-2023\/","title":{"rendered":"EVE au T\u00e9l\u00e9thon avec Ermont &#8211; 8\/9\/10 D\u00e9cembre 2023"},"content":{"rendered":"\n<h2 class=\"wp-block-heading\">EVE au T\u00e9l\u00e9thon avec Ermont &#8211; 8\/9\/10 D\u00e9cembre 2023<\/h2>\n\n\n\n<div style=\"height:71px\" aria-hidden=\"true\" class=\"wp-block-spacer\"><\/div>\n\n\n\n<div class=\"wp-block-columns are-vertically-aligned-center is-not-stacked-on-mobile is-layout-flex wp-container-core-columns-is-layout-9d6595d7 wp-block-columns-is-layout-flex\">\n<div class=\"wp-block-column is-vertically-aligned-center is-layout-flow wp-block-column-is-layout-flow\">\n<figure class=\"wp-block-image size-full\"><img loading=\"lazy\" decoding=\"async\" width=\"3748\" height=\"666\" src=\"http:\/\/eve95ermont.com\/wp-content\/uploads\/2023\/11\/image.png\" alt=\"AFM T\u00e9l\u00e9thon 8 et 9 D\u00e9cembre 2023\" class=\"wp-image-939\" srcset=\"https:\/\/eve95ermont.com\/wp-content\/uploads\/2023\/11\/image.png 3748w, https:\/\/eve95ermont.com\/wp-content\/uploads\/2023\/11\/image-300x53.png 300w, https:\/\/eve95ermont.com\/wp-content\/uploads\/2023\/11\/image-1024x182.png 1024w, https:\/\/eve95ermont.com\/wp-content\/uploads\/2023\/11\/image-768x136.png 768w, https:\/\/eve95ermont.com\/wp-content\/uploads\/2023\/11\/image-1536x273.png 1536w, https:\/\/eve95ermont.com\/wp-content\/uploads\/2023\/11\/image-2048x364.png 2048w\" sizes=\"auto, (max-width: 3748px) 100vw, 3748px\" \/><\/figure>\n<\/div>\n\n\n\n<div class=\"wp-block-column is-vertically-aligned-center is-layout-flow wp-block-column-is-layout-flow\">\n<figure class=\"wp-block-image size-large is-style-default\"><img loading=\"lazy\" decoding=\"async\" width=\"1024\" height=\"635\" src=\"http:\/\/eve95ermont.com\/wp-content\/uploads\/2023\/06\/logo-eve-proposition-gris-clair-contour-noir-v2-1024x635.png\" alt=\"\" class=\"wp-image-460\" srcset=\"https:\/\/eve95ermont.com\/wp-content\/uploads\/2023\/06\/logo-eve-proposition-gris-clair-contour-noir-v2-1024x635.png 1024w, https:\/\/eve95ermont.com\/wp-content\/uploads\/2023\/06\/logo-eve-proposition-gris-clair-contour-noir-v2-300x186.png 300w, https:\/\/eve95ermont.com\/wp-content\/uploads\/2023\/06\/logo-eve-proposition-gris-clair-contour-noir-v2-768x477.png 768w, https:\/\/eve95ermont.com\/wp-content\/uploads\/2023\/06\/logo-eve-proposition-gris-clair-contour-noir-v2.png 1265w\" sizes=\"auto, (max-width: 1024px) 100vw, 1024px\" \/><\/figure>\n<\/div>\n\n\n\n<div class=\"wp-block-column is-vertically-aligned-center is-layout-flow wp-block-column-is-layout-flow\">\n<figure class=\"wp-block-image size-full\"><img loading=\"lazy\" decoding=\"async\" width=\"750\" height=\"208\" src=\"https:\/\/eve95ermont.com\/wp-content\/uploads\/2023\/11\/image-1.png\" alt=\"\" class=\"wp-image-942\" srcset=\"https:\/\/eve95ermont.com\/wp-content\/uploads\/2023\/11\/image-1.png 750w, https:\/\/eve95ermont.com\/wp-content\/uploads\/2023\/11\/image-1-300x83.png 300w\" sizes=\"auto, (max-width: 750px) 100vw, 750px\" \/><\/figure>\n<\/div>\n<\/div>\n\n\n\n<p>Dans le cadre de notre collaboration avec la mairie d&rsquo;Ermont, nous avons apport\u00e9 notre aide aux \u00e9quipes municipales et aux associations d&rsquo;Ermont qui s&rsquo;investissent dans cet \u00e9v\u00e9nement.<\/p>\n\n\n\n<p><\/p>\n\n\n\n<p>Cela pour manifester notre engagement pour les causes du T\u00e9l\u00e9thon.<\/p>\n\n\n\n<p><\/p>\n\n\n\n<div class=\"wp-block-columns is-layout-flex wp-container-core-columns-is-layout-9d6595d7 wp-block-columns-is-layout-flex\">\n<div class=\"wp-block-column is-layout-flow wp-block-column-is-layout-flow\" style=\"flex-basis:100%\">\n<div class=\"wp-block-group\"><div class=\"wp-block-group__inner-container is-layout-constrained wp-block-group-is-layout-constrained\">\n<div class=\"wp-block-columns is-layout-flex wp-container-core-columns-is-layout-9d6595d7 wp-block-columns-is-layout-flex\">\n<div class=\"wp-block-column is-layout-flow wp-block-column-is-layout-flow\">\n<figure class=\"wp-block-image size-full\"><img loading=\"lazy\" decoding=\"async\" width=\"1024\" height=\"768\" src=\"https:\/\/eve95ermont.com\/wp-content\/uploads\/2024\/02\/WhatsApp-Image-2023-12-09-a-12.23.10_bf7a5370-1.jpg\" alt=\"\" class=\"wp-image-1016\" srcset=\"https:\/\/eve95ermont.com\/wp-content\/uploads\/2024\/02\/WhatsApp-Image-2023-12-09-a-12.23.10_bf7a5370-1.jpg 1024w, https:\/\/eve95ermont.com\/wp-content\/uploads\/2024\/02\/WhatsApp-Image-2023-12-09-a-12.23.10_bf7a5370-1-300x225.jpg 300w, https:\/\/eve95ermont.com\/wp-content\/uploads\/2024\/02\/WhatsApp-Image-2023-12-09-a-12.23.10_bf7a5370-1-768x576.jpg 768w\" sizes=\"auto, (max-width: 1024px) 100vw, 1024px\" \/><\/figure>\n<\/div>\n\n\n\n<div class=\"wp-block-column is-layout-flow wp-block-column-is-layout-flow\">\n<figure class=\"wp-block-image size-full\"><img loading=\"lazy\" decoding=\"async\" width=\"768\" height=\"1024\" src=\"https:\/\/eve95ermont.com\/wp-content\/uploads\/2024\/02\/WhatsApp-Image-2023-12-09-a-15.17.44_6446d909.jpg\" alt=\"\" class=\"wp-image-1017\" srcset=\"https:\/\/eve95ermont.com\/wp-content\/uploads\/2024\/02\/WhatsApp-Image-2023-12-09-a-15.17.44_6446d909.jpg 768w, https:\/\/eve95ermont.com\/wp-content\/uploads\/2024\/02\/WhatsApp-Image-2023-12-09-a-15.17.44_6446d909-225x300.jpg 225w\" sizes=\"auto, (max-width: 768px) 100vw, 768px\" \/><\/figure>\n<\/div>\n\n\n\n<div class=\"wp-block-column is-layout-flow wp-block-column-is-layout-flow\">\n<figure class=\"wp-block-image size-large\"><img loading=\"lazy\" decoding=\"async\" width=\"768\" height=\"1024\" src=\"https:\/\/eve95ermont.com\/wp-content\/uploads\/2024\/02\/WhatsApp-Image-2023-12-09-a-17.34.02_1ca2766e-768x1024.jpg\" alt=\"\" class=\"wp-image-1018\" srcset=\"https:\/\/eve95ermont.com\/wp-content\/uploads\/2024\/02\/WhatsApp-Image-2023-12-09-a-17.34.02_1ca2766e-768x1024.jpg 768w, https:\/\/eve95ermont.com\/wp-content\/uploads\/2024\/02\/WhatsApp-Image-2023-12-09-a-17.34.02_1ca2766e-225x300.jpg 225w, https:\/\/eve95ermont.com\/wp-content\/uploads\/2024\/02\/WhatsApp-Image-2023-12-09-a-17.34.02_1ca2766e-1152x1536.jpg 1152w, https:\/\/eve95ermont.com\/wp-content\/uploads\/2024\/02\/WhatsApp-Image-2023-12-09-a-17.34.02_1ca2766e.jpg 1200w\" sizes=\"auto, (max-width: 768px) 100vw, 768px\" \/><\/figure>\n<\/div>\n<\/div>\n<\/div><\/div>\n<\/div>\n<\/div>\n\n\n\n<p><\/p>\n\n\n\n<p>Ci-dessous le lien de l&rsquo;\u00e9v\u00e9nement sur le site de la mairie d&rsquo;Ermont :<\/p>\n\n\n\n<p><\/p>\n\n\n\n<p><a href=\"https:\/\/www.ermont.fr\/2253-4810\/fiche\/grand-week-end-du-telethon.htm\">https:\/\/www.ermont.fr\/2253-4810\/fiche\/grand-week-end-du-telethon.htm<\/a><\/p>\n","protected":false},"excerpt":{"rendered":"<p>Dans le cadre de notre collaboration avec la mairie d&rsquo;Ermont, nous allons apporter notre aide aux \u00e9quipes municipales et aux associations d&rsquo;Ermont qui s&rsquo;investissent dans cet \u00e9v\u00e9nement.<\/p>\n","protected":false},"author":2,"featured_media":947,"comment_status":"closed","ping_status":"closed","sticky":false,"template":"","format":"standard","meta":{"footnotes":""},"categories":[35,8,1],"tags":[33],"class_list":["post-937","post","type-post","status-publish","format-standard","has-post-thumbnail","hentry","category-blog","category-evenement","category-non-classe","tag-passe"],"yoast_head":"<!-- This site is optimized with the Yoast SEO plugin v27.5 - https:\/\/yoast.com\/product\/yoast-seo-wordpress\/ -->\n<title>EVE au T\u00e9l\u00e9thon avec Ermont - 8\/9\/10 D\u00e9cembre 2023 - Ermont Ville d&#039;Europe<\/title>\n<meta name=\"description\" content=\"Eve s&#039;engage avec la mairie d&#039;Ermont, pour le t\u00e9l\u00e9thon le 8, 9 et 10 D\u00e9cembre 2023.\" \/>\n<meta name=\"robots\" content=\"index, follow, max-snippet:-1, max-image-preview:large, max-video-preview:-1\" \/>\n<link rel=\"canonical\" href=\"https:\/\/eve95ermont.com\/index.php\/2023\/11\/12\/eve-au-telethon-ermont-2023\/\" \/>\n<meta property=\"og:locale\" content=\"fr_FR\" \/>\n<meta property=\"og:type\" content=\"article\" \/>\n<meta property=\"og:title\" content=\"EVE au T\u00e9l\u00e9thon avec Ermont - 8\/9\/10 D\u00e9cembre 2023 - Ermont Ville d&#039;Europe\" \/>\n<meta property=\"og:description\" content=\"Eve s&#039;engage avec la mairie d&#039;Ermont, pour le t\u00e9l\u00e9thon le 8, 9 et 10 D\u00e9cembre 2023.\" \/>\n<meta property=\"og:url\" content=\"https:\/\/eve95ermont.com\/index.php\/2023\/11\/12\/eve-au-telethon-ermont-2023\/\" \/>\n<meta property=\"og:site_name\" content=\"Ermont Ville d&#039;Europe\" \/>\n<meta property=\"article:published_time\" content=\"2023-11-12T18:33:44+00:00\" \/>\n<meta property=\"article:modified_time\" content=\"2024-02-12T18:12:24+00:00\" \/>\n<meta property=\"og:image\" content=\"https:\/\/eve95ermont.com\/wp-content\/uploads\/2023\/11\/evenement-telethon-eve-2023.png\" \/>\n\t<meta property=\"og:image:width\" content=\"910\" \/>\n\t<meta property=\"og:image:height\" content=\"411\" \/>\n\t<meta property=\"og:image:type\" content=\"image\/png\" \/>\n<meta name=\"author\" content=\"Maximilien\" \/>\n<meta name=\"twitter:card\" content=\"summary_large_image\" \/>\n<meta name=\"twitter:label1\" content=\"\u00c9crit par\" \/>\n\t<meta name=\"twitter:data1\" content=\"Maximilien\" \/>\n\t<meta name=\"twitter:label2\" content=\"Dur\u00e9e de lecture estim\u00e9e\" \/>\n\t<meta name=\"twitter:data2\" content=\"2 minutes\" \/>\n<script type=\"application\/ld+json\" class=\"yoast-schema-graph\">{\"@context\":\"https:\\\/\\\/schema.org\",\"@graph\":[{\"@type\":\"Article\",\"@id\":\"https:\\\/\\\/eve95ermont.com\\\/index.php\\\/2023\\\/11\\\/12\\\/eve-au-telethon-ermont-2023\\\/#article\",\"isPartOf\":{\"@id\":\"https:\\\/\\\/eve95ermont.com\\\/index.php\\\/2023\\\/11\\\/12\\\/eve-au-telethon-ermont-2023\\\/\"},\"author\":{\"name\":\"Maximilien\",\"@id\":\"https:\\\/\\\/eve95ermont.com\\\/#\\\/schema\\\/person\\\/e72a6b4373234bdc3e1f79cb4fd86a7f\"},\"headline\":\"EVE au T\u00e9l\u00e9thon avec Ermont &#8211; 8\\\/9\\\/10 D\u00e9cembre 2023\",\"datePublished\":\"2023-11-12T18:33:44+00:00\",\"dateModified\":\"2024-02-12T18:12:24+00:00\",\"mainEntityOfPage\":{\"@id\":\"https:\\\/\\\/eve95ermont.com\\\/index.php\\\/2023\\\/11\\\/12\\\/eve-au-telethon-ermont-2023\\\/\"},\"wordCount\":82,\"publisher\":{\"@id\":\"https:\\\/\\\/eve95ermont.com\\\/#organization\"},\"image\":{\"@id\":\"https:\\\/\\\/eve95ermont.com\\\/index.php\\\/2023\\\/11\\\/12\\\/eve-au-telethon-ermont-2023\\\/#primaryimage\"},\"thumbnailUrl\":\"https:\\\/\\\/eve95ermont.com\\\/wp-content\\\/uploads\\\/2023\\\/11\\\/evenement-telethon-eve-2023.png\",\"keywords\":[\"Pass\u00e9\"],\"articleSection\":[\"Blog\",\"Evenement\"],\"inLanguage\":\"fr-FR\"},{\"@type\":\"WebPage\",\"@id\":\"https:\\\/\\\/eve95ermont.com\\\/index.php\\\/2023\\\/11\\\/12\\\/eve-au-telethon-ermont-2023\\\/\",\"url\":\"https:\\\/\\\/eve95ermont.com\\\/index.php\\\/2023\\\/11\\\/12\\\/eve-au-telethon-ermont-2023\\\/\",\"name\":\"EVE au T\u00e9l\u00e9thon avec Ermont - 8\\\/9\\\/10 D\u00e9cembre 2023 - Ermont Ville d&#039;Europe\",\"isPartOf\":{\"@id\":\"https:\\\/\\\/eve95ermont.com\\\/#website\"},\"primaryImageOfPage\":{\"@id\":\"https:\\\/\\\/eve95ermont.com\\\/index.php\\\/2023\\\/11\\\/12\\\/eve-au-telethon-ermont-2023\\\/#primaryimage\"},\"image\":{\"@id\":\"https:\\\/\\\/eve95ermont.com\\\/index.php\\\/2023\\\/11\\\/12\\\/eve-au-telethon-ermont-2023\\\/#primaryimage\"},\"thumbnailUrl\":\"https:\\\/\\\/eve95ermont.com\\\/wp-content\\\/uploads\\\/2023\\\/11\\\/evenement-telethon-eve-2023.png\",\"datePublished\":\"2023-11-12T18:33:44+00:00\",\"dateModified\":\"2024-02-12T18:12:24+00:00\",\"description\":\"Eve s'engage avec la mairie d'Ermont, pour le t\u00e9l\u00e9thon le 8, 9 et 10 D\u00e9cembre 2023.\",\"breadcrumb\":{\"@id\":\"https:\\\/\\\/eve95ermont.com\\\/index.php\\\/2023\\\/11\\\/12\\\/eve-au-telethon-ermont-2023\\\/#breadcrumb\"},\"inLanguage\":\"fr-FR\",\"potentialAction\":[{\"@type\":\"ReadAction\",\"target\":[\"https:\\\/\\\/eve95ermont.com\\\/index.php\\\/2023\\\/11\\\/12\\\/eve-au-telethon-ermont-2023\\\/\"]}]},{\"@type\":\"ImageObject\",\"inLanguage\":\"fr-FR\",\"@id\":\"https:\\\/\\\/eve95ermont.com\\\/index.php\\\/2023\\\/11\\\/12\\\/eve-au-telethon-ermont-2023\\\/#primaryimage\",\"url\":\"https:\\\/\\\/eve95ermont.com\\\/wp-content\\\/uploads\\\/2023\\\/11\\\/evenement-telethon-eve-2023.png\",\"contentUrl\":\"https:\\\/\\\/eve95ermont.com\\\/wp-content\\\/uploads\\\/2023\\\/11\\\/evenement-telethon-eve-2023.png\",\"width\":910,\"height\":411,\"caption\":\"Ermont + Eve + T\u00e9l\u00e9thon 2023\"},{\"@type\":\"BreadcrumbList\",\"@id\":\"https:\\\/\\\/eve95ermont.com\\\/index.php\\\/2023\\\/11\\\/12\\\/eve-au-telethon-ermont-2023\\\/#breadcrumb\",\"itemListElement\":[{\"@type\":\"ListItem\",\"position\":1,\"name\":\"Accueil\",\"item\":\"https:\\\/\\\/eve95ermont.com\\\/\"},{\"@type\":\"ListItem\",\"position\":2,\"name\":\"EVE au T\u00e9l\u00e9thon avec Ermont &#8211; 8\\\/9\\\/10 D\u00e9cembre 2023\"}]},{\"@type\":\"WebSite\",\"@id\":\"https:\\\/\\\/eve95ermont.com\\\/#website\",\"url\":\"https:\\\/\\\/eve95ermont.com\\\/\",\"name\":\"Ermont Ville d&#039;Europe\",\"description\":\"L&#039;association de jumelage d&#039;Ermont\",\"publisher\":{\"@id\":\"https:\\\/\\\/eve95ermont.com\\\/#organization\"},\"potentialAction\":[{\"@type\":\"SearchAction\",\"target\":{\"@type\":\"EntryPoint\",\"urlTemplate\":\"https:\\\/\\\/eve95ermont.com\\\/?s={search_term_string}\"},\"query-input\":{\"@type\":\"PropertyValueSpecification\",\"valueRequired\":true,\"valueName\":\"search_term_string\"}}],\"inLanguage\":\"fr-FR\"},{\"@type\":\"Organization\",\"@id\":\"https:\\\/\\\/eve95ermont.com\\\/#organization\",\"name\":\"Ermont Ville d&#039;Europe\",\"url\":\"https:\\\/\\\/eve95ermont.com\\\/\",\"logo\":{\"@type\":\"ImageObject\",\"inLanguage\":\"fr-FR\",\"@id\":\"https:\\\/\\\/eve95ermont.com\\\/#\\\/schema\\\/logo\\\/image\\\/\",\"url\":\"https:\\\/\\\/eve95ermont.com\\\/wp-content\\\/uploads\\\/2023\\\/06\\\/cropped-logo-eve-proposition-gris-clair-contour-noir-v2.png\",\"contentUrl\":\"https:\\\/\\\/eve95ermont.com\\\/wp-content\\\/uploads\\\/2023\\\/06\\\/cropped-logo-eve-proposition-gris-clair-contour-noir-v2.png\",\"width\":1157,\"height\":709,\"caption\":\"Ermont Ville d&#039;Europe\"},\"image\":{\"@id\":\"https:\\\/\\\/eve95ermont.com\\\/#\\\/schema\\\/logo\\\/image\\\/\"}},{\"@type\":\"Person\",\"@id\":\"https:\\\/\\\/eve95ermont.com\\\/#\\\/schema\\\/person\\\/e72a6b4373234bdc3e1f79cb4fd86a7f\",\"name\":\"Maximilien\",\"image\":{\"@type\":\"ImageObject\",\"inLanguage\":\"fr-FR\",\"@id\":\"https:\\\/\\\/secure.gravatar.com\\\/avatar\\\/48e0777bd0d7ae02b0a5b6de8f8e6a676f07405de4b16911dc5fa3da85d2dc40?s=96&d=mm&r=g\",\"url\":\"https:\\\/\\\/secure.gravatar.com\\\/avatar\\\/48e0777bd0d7ae02b0a5b6de8f8e6a676f07405de4b16911dc5fa3da85d2dc40?s=96&d=mm&r=g\",\"contentUrl\":\"https:\\\/\\\/secure.gravatar.com\\\/avatar\\\/48e0777bd0d7ae02b0a5b6de8f8e6a676f07405de4b16911dc5fa3da85d2dc40?s=96&d=mm&r=g\",\"caption\":\"Maximilien\"},\"sameAs\":[\"http:\\\/\\\/eve95ermont.com\\\/\"],\"url\":\"https:\\\/\\\/eve95ermont.com\\\/index.php\\\/author\\\/maximilien\\\/\"}]}<\/script>\n<!-- \/ Yoast SEO plugin. -->","yoast_head_json":{"title":"EVE au T\u00e9l\u00e9thon avec Ermont - 8\/9\/10 D\u00e9cembre 2023 - Ermont Ville d&#039;Europe","description":"Eve s'engage avec la mairie d'Ermont, pour le t\u00e9l\u00e9thon le 8, 9 et 10 D\u00e9cembre 2023.","robots":{"index":"index","follow":"follow","max-snippet":"max-snippet:-1","max-image-preview":"max-image-preview:large","max-video-preview":"max-video-preview:-1"},"canonical":"https:\/\/eve95ermont.com\/index.php\/2023\/11\/12\/eve-au-telethon-ermont-2023\/","og_locale":"fr_FR","og_type":"article","og_title":"EVE au T\u00e9l\u00e9thon avec Ermont - 8\/9\/10 D\u00e9cembre 2023 - Ermont Ville d&#039;Europe","og_description":"Eve s'engage avec la mairie d'Ermont, pour le t\u00e9l\u00e9thon le 8, 9 et 10 D\u00e9cembre 2023.","og_url":"https:\/\/eve95ermont.com\/index.php\/2023\/11\/12\/eve-au-telethon-ermont-2023\/","og_site_name":"Ermont Ville d&#039;Europe","article_published_time":"2023-11-12T18:33:44+00:00","article_modified_time":"2024-02-12T18:12:24+00:00","og_image":[{"width":910,"height":411,"url":"https:\/\/eve95ermont.com\/wp-content\/uploads\/2023\/11\/evenement-telethon-eve-2023.png","type":"image\/png"}],"author":"Maximilien","twitter_card":"summary_large_image","twitter_misc":{"\u00c9crit par":"Maximilien","Dur\u00e9e de lecture estim\u00e9e":"2 minutes"},"schema":{"@context":"https:\/\/schema.org","@graph":[{"@type":"Article","@id":"https:\/\/eve95ermont.com\/index.php\/2023\/11\/12\/eve-au-telethon-ermont-2023\/#article","isPartOf":{"@id":"https:\/\/eve95ermont.com\/index.php\/2023\/11\/12\/eve-au-telethon-ermont-2023\/"},"author":{"name":"Maximilien","@id":"https:\/\/eve95ermont.com\/#\/schema\/person\/e72a6b4373234bdc3e1f79cb4fd86a7f"},"headline":"EVE au T\u00e9l\u00e9thon avec Ermont &#8211; 8\/9\/10 D\u00e9cembre 2023","datePublished":"2023-11-12T18:33:44+00:00","dateModified":"2024-02-12T18:12:24+00:00","mainEntityOfPage":{"@id":"https:\/\/eve95ermont.com\/index.php\/2023\/11\/12\/eve-au-telethon-ermont-2023\/"},"wordCount":82,"publisher":{"@id":"https:\/\/eve95ermont.com\/#organization"},"image":{"@id":"https:\/\/eve95ermont.com\/index.php\/2023\/11\/12\/eve-au-telethon-ermont-2023\/#primaryimage"},"thumbnailUrl":"https:\/\/eve95ermont.com\/wp-content\/uploads\/2023\/11\/evenement-telethon-eve-2023.png","keywords":["Pass\u00e9"],"articleSection":["Blog","Evenement"],"inLanguage":"fr-FR"},{"@type":"WebPage","@id":"https:\/\/eve95ermont.com\/index.php\/2023\/11\/12\/eve-au-telethon-ermont-2023\/","url":"https:\/\/eve95ermont.com\/index.php\/2023\/11\/12\/eve-au-telethon-ermont-2023\/","name":"EVE au T\u00e9l\u00e9thon avec Ermont - 8\/9\/10 D\u00e9cembre 2023 - Ermont Ville d&#039;Europe","isPartOf":{"@id":"https:\/\/eve95ermont.com\/#website"},"primaryImageOfPage":{"@id":"https:\/\/eve95ermont.com\/index.php\/2023\/11\/12\/eve-au-telethon-ermont-2023\/#primaryimage"},"image":{"@id":"https:\/\/eve95ermont.com\/index.php\/2023\/11\/12\/eve-au-telethon-ermont-2023\/#primaryimage"},"thumbnailUrl":"https:\/\/eve95ermont.com\/wp-content\/uploads\/2023\/11\/evenement-telethon-eve-2023.png","datePublished":"2023-11-12T18:33:44+00:00","dateModified":"2024-02-12T18:12:24+00:00","description":"Eve s'engage avec la mairie d'Ermont, pour le t\u00e9l\u00e9thon le 8, 9 et 10 D\u00e9cembre 2023.","breadcrumb":{"@id":"https:\/\/eve95ermont.com\/index.php\/2023\/11\/12\/eve-au-telethon-ermont-2023\/#breadcrumb"},"inLanguage":"fr-FR","potentialAction":[{"@type":"ReadAction","target":["https:\/\/eve95ermont.com\/index.php\/2023\/11\/12\/eve-au-telethon-ermont-2023\/"]}]},{"@type":"ImageObject","inLanguage":"fr-FR","@id":"https:\/\/eve95ermont.com\/index.php\/2023\/11\/12\/eve-au-telethon-ermont-2023\/#primaryimage","url":"https:\/\/eve95ermont.com\/wp-content\/uploads\/2023\/11\/evenement-telethon-eve-2023.png","contentUrl":"https:\/\/eve95ermont.com\/wp-content\/uploads\/2023\/11\/evenement-telethon-eve-2023.png","width":910,"height":411,"caption":"Ermont + Eve + T\u00e9l\u00e9thon 2023"},{"@type":"BreadcrumbList","@id":"https:\/\/eve95ermont.com\/index.php\/2023\/11\/12\/eve-au-telethon-ermont-2023\/#breadcrumb","itemListElement":[{"@type":"ListItem","position":1,"name":"Accueil","item":"https:\/\/eve95ermont.com\/"},{"@type":"ListItem","position":2,"name":"EVE au T\u00e9l\u00e9thon avec Ermont &#8211; 8\/9\/10 D\u00e9cembre 2023"}]},{"@type":"WebSite","@id":"https:\/\/eve95ermont.com\/#website","url":"https:\/\/eve95ermont.com\/","name":"Ermont Ville d&#039;Europe","description":"L&#039;association de jumelage d&#039;Ermont","publisher":{"@id":"https:\/\/eve95ermont.com\/#organization"},"potentialAction":[{"@type":"SearchAction","target":{"@type":"EntryPoint","urlTemplate":"https:\/\/eve95ermont.com\/?s={search_term_string}"},"query-input":{"@type":"PropertyValueSpecification","valueRequired":true,"valueName":"search_term_string"}}],"inLanguage":"fr-FR"},{"@type":"Organization","@id":"https:\/\/eve95ermont.com\/#organization","name":"Ermont Ville d&#039;Europe","url":"https:\/\/eve95ermont.com\/","logo":{"@type":"ImageObject","inLanguage":"fr-FR","@id":"https:\/\/eve95ermont.com\/#\/schema\/logo\/image\/","url":"https:\/\/eve95ermont.com\/wp-content\/uploads\/2023\/06\/cropped-logo-eve-proposition-gris-clair-contour-noir-v2.png","contentUrl":"https:\/\/eve95ermont.com\/wp-content\/uploads\/2023\/06\/cropped-logo-eve-proposition-gris-clair-contour-noir-v2.png","width":1157,"height":709,"caption":"Ermont Ville d&#039;Europe"},"image":{"@id":"https:\/\/eve95ermont.com\/#\/schema\/logo\/image\/"}},{"@type":"Person","@id":"https:\/\/eve95ermont.com\/#\/schema\/person\/e72a6b4373234bdc3e1f79cb4fd86a7f","name":"Maximilien","image":{"@type":"ImageObject","inLanguage":"fr-FR","@id":"https:\/\/secure.gravatar.com\/avatar\/48e0777bd0d7ae02b0a5b6de8f8e6a676f07405de4b16911dc5fa3da85d2dc40?s=96&d=mm&r=g","url":"https:\/\/secure.gravatar.com\/avatar\/48e0777bd0d7ae02b0a5b6de8f8e6a676f07405de4b16911dc5fa3da85d2dc40?s=96&d=mm&r=g","contentUrl":"https:\/\/secure.gravatar.com\/avatar\/48e0777bd0d7ae02b0a5b6de8f8e6a676f07405de4b16911dc5fa3da85d2dc40?s=96&d=mm&r=g","caption":"Maximilien"},"sameAs":["http:\/\/eve95ermont.com\/"],"url":"https:\/\/eve95ermont.com\/index.php\/author\/maximilien\/"}]}},"_links":{"self":[{"href":"https:\/\/eve95ermont.com\/index.php\/wp-json\/wp\/v2\/posts\/937","targetHints":{"allow":["GET"]}}],"collection":[{"href":"https:\/\/eve95ermont.com\/index.php\/wp-json\/wp\/v2\/posts"}],"about":[{"href":"https:\/\/eve95ermont.com\/index.php\/wp-json\/wp\/v2\/types\/post"}],"author":[{"embeddable":true,"href":"https:\/\/eve95ermont.com\/index.php\/wp-json\/wp\/v2\/users\/2"}],"replies":[{"embeddable":true,"href":"https:\/\/eve95ermont.com\/index.php\/wp-json\/wp\/v2\/comments?post=937"}],"version-history":[{"count":15,"href":"https:\/\/eve95ermont.com\/index.php\/wp-json\/wp\/v2\/posts\/937\/revisions"}],"predecessor-version":[{"id":1019,"href":"https:\/\/eve95ermont.com\/index.php\/wp-json\/wp\/v2\/posts\/937\/revisions\/1019"}],"wp:featuredmedia":[{"embeddable":true,"href":"https:\/\/eve95ermont.com\/index.php\/wp-json\/wp\/v2\/media\/947"}],"wp:attachment":[{"href":"https:\/\/eve95ermont.com\/index.php\/wp-json\/wp\/v2\/media?parent=937"}],"wp:term":[{"taxonomy":"category","embeddable":true,"href":"https:\/\/eve95ermont.com\/index.php\/wp-json\/wp\/v2\/categories?post=937"},{"taxonomy":"post_tag","embeddable":true,"href":"https:\/\/eve95ermont.com\/index.php\/wp-json\/wp\/v2\/tags?post=937"}],"curies":[{"name":"wp","href":"https:\/\/api.w.org\/{rel}","templated":true}]}}