{"id":553,"date":"2023-07-23T19:52:50","date_gmt":"2023-07-23T17:52:50","guid":{"rendered":"https:\/\/eve95ermont.com\/?p=553"},"modified":"2023-11-12T19:14:30","modified_gmt":"2023-11-12T18:14:30","slug":"assemblee-generale-2023-23-septembre-2023","status":"publish","type":"post","link":"https:\/\/eve95ermont.com\/index.php\/2023\/07\/23\/assemblee-generale-2023-23-septembre-2023\/","title":{"rendered":"23 septembre 2023 &#8211; Assembl\u00e9e g\u00e9n\u00e9rale 2023."},"content":{"rendered":"\n<p>L&rsquo;assembl\u00e9e g\u00e9n\u00e9rale d&rsquo;Ermont Ville d&rsquo;Europe se tiendra le samedi 23 septembre 2023 \u00e0 15h30 \u00e0 la :<\/p>\n\n\n\n<p class=\"has-text-align-center\">Salle de l&rsquo;arche, <br>150 rue de la gare<br>95120 Ermont<\/p>\n\n\n\n<p>Lors de cette assembl\u00e9e, une r\u00e9trospective sur les actions, succ\u00e8s et difficult\u00e9s rencontr\u00e9s par le bureau au cours de l&rsquo;ann\u00e9e 2023 sera pr\u00e9sent\u00e9e.<\/p>\n\n\n\n<p>De plus, lors de cette r\u00e9union, la nouvelle composition du bureau sera soumise au vote. Afin de pouvoir y participer, n&rsquo;oubliez pas de r\u00e9gler votre cotisation par ch\u00e8que \u00e0 l&rsquo;ordre d&rsquo; \u00ab\u00a0Ermont Ville d&rsquo;Europe\u00a0\u00bb.<\/p>\n\n\n\n<figure class=\"wp-block-image size-large\"><img loading=\"lazy\" decoding=\"async\" width=\"1024\" height=\"576\" src=\"https:\/\/eve95ermont.com\/wp-content\/uploads\/2023\/07\/assemblee-generale-2023-1-1024x576.png\" alt=\"\" class=\"wp-image-588\" srcset=\"https:\/\/eve95ermont.com\/wp-content\/uploads\/2023\/07\/assemblee-generale-2023-1-1024x576.png 1024w, https:\/\/eve95ermont.com\/wp-content\/uploads\/2023\/07\/assemblee-generale-2023-1-300x169.png 300w, https:\/\/eve95ermont.com\/wp-content\/uploads\/2023\/07\/assemblee-generale-2023-1-768x432.png 768w, https:\/\/eve95ermont.com\/wp-content\/uploads\/2023\/07\/assemblee-generale-2023-1-1536x864.png 1536w, https:\/\/eve95ermont.com\/wp-content\/uploads\/2023\/07\/assemblee-generale-2023-1.png 1920w\" sizes=\"auto, (max-width: 1024px) 100vw, 1024px\" \/><\/figure>\n\n\n\n<div data-wp-interactive=\"core\/file\" class=\"wp-block-file\"><object data-wp-bind--hidden=\"!state.hasPdfPreview\" hidden class=\"wp-block-file__embed\" data=\"https:\/\/eve95ermont.com\/wp-content\/uploads\/2023\/09\/presentation-eve-ag-23-septembre-2023.pdf\" type=\"application\/pdf\" style=\"width:100%;height:600px\" aria-label=\"Contenu embarqu\u00e9 presentation-eve-ag-23-septembre-2023.\"><\/object><a id=\"wp-block-file--media-0e8897ad-1d33-4180-a3f9-2aa5e3af706b\" href=\"https:\/\/eve95ermont.com\/wp-content\/uploads\/2023\/09\/presentation-eve-ag-23-septembre-2023.pdf\">presentation-eve-ag-23-septembre-2023<\/a><a href=\"https:\/\/eve95ermont.com\/wp-content\/uploads\/2023\/09\/presentation-eve-ag-23-septembre-2023.pdf\" class=\"wp-block-file__button wp-element-button\" download aria-describedby=\"wp-block-file--media-0e8897ad-1d33-4180-a3f9-2aa5e3af706b\">T\u00e9l\u00e9charger<\/a><\/div>\n","protected":false},"excerpt":{"rendered":"<p>Assembl\u00e9e g\u00e9n\u00e9rale d&rsquo;Ermont Ville d&rsquo;Europe, le samedi 23 septembre 2023 \u00e0 15h30 -Salle de l&rsquo;arche, 150 rue de la gare, 95120 Ermont<\/p>\n","protected":false},"author":2,"featured_media":588,"comment_status":"closed","ping_status":"closed","sticky":false,"template":"","format":"standard","meta":{"footnotes":""},"categories":[8],"tags":[33],"class_list":["post-553","post","type-post","status-publish","format-standard","has-post-thumbnail","hentry","category-evenement","tag-passe"],"yoast_head":"<!-- This site is optimized with the Yoast SEO plugin v27.5 - https:\/\/yoast.com\/product\/yoast-seo-wordpress\/ -->\n<title>23 septembre 2023 - Assembl\u00e9e g\u00e9n\u00e9rale 2023. - Ermont Ville d&#039;Europe<\/title>\n<meta name=\"description\" content=\"Assembl\u00e9e g\u00e9n\u00e9rale d&#039;Ermont Ville d&#039;Europe, le samedi 23 septembre 2023 \u00e0 15h30 -Salle de l&#039;arche, 150 rue de la gare, 95120 Ermont\" \/>\n<meta name=\"robots\" content=\"index, follow, max-snippet:-1, max-image-preview:large, max-video-preview:-1\" \/>\n<link rel=\"canonical\" href=\"https:\/\/eve95ermont.com\/index.php\/2023\/07\/23\/assemblee-generale-2023-23-septembre-2023\/\" \/>\n<meta property=\"og:locale\" content=\"fr_FR\" \/>\n<meta property=\"og:type\" content=\"article\" \/>\n<meta property=\"og:title\" content=\"23 septembre 2023 - Assembl\u00e9e g\u00e9n\u00e9rale 2023. - Ermont Ville d&#039;Europe\" \/>\n<meta property=\"og:description\" content=\"Assembl\u00e9e g\u00e9n\u00e9rale d&#039;Ermont Ville d&#039;Europe, le samedi 23 septembre 2023 \u00e0 15h30 -Salle de l&#039;arche, 150 rue de la gare, 95120 Ermont\" \/>\n<meta property=\"og:url\" content=\"https:\/\/eve95ermont.com\/index.php\/2023\/07\/23\/assemblee-generale-2023-23-septembre-2023\/\" \/>\n<meta property=\"og:site_name\" content=\"Ermont Ville d&#039;Europe\" \/>\n<meta property=\"article:published_time\" content=\"2023-07-23T17:52:50+00:00\" \/>\n<meta property=\"article:modified_time\" content=\"2023-11-12T18:14:30+00:00\" \/>\n<meta property=\"og:image\" content=\"https:\/\/eve95ermont.com\/wp-content\/uploads\/2023\/07\/assemblee-generale-2023-1.png\" \/>\n\t<meta property=\"og:image:width\" content=\"1920\" \/>\n\t<meta property=\"og:image:height\" content=\"1080\" \/>\n\t<meta property=\"og:image:type\" content=\"image\/png\" \/>\n<meta name=\"author\" content=\"Maximilien\" \/>\n<meta name=\"twitter:card\" content=\"summary_large_image\" \/>\n<meta name=\"twitter:label1\" content=\"\u00c9crit par\" \/>\n\t<meta name=\"twitter:data1\" content=\"Maximilien\" \/>\n\t<meta name=\"twitter:label2\" content=\"Dur\u00e9e de lecture estim\u00e9e\" \/>\n\t<meta name=\"twitter:data2\" content=\"1 minute\" \/>\n<script type=\"application\/ld+json\" class=\"yoast-schema-graph\">{\"@context\":\"https:\\\/\\\/schema.org\",\"@graph\":[{\"@type\":\"Article\",\"@id\":\"https:\\\/\\\/eve95ermont.com\\\/index.php\\\/2023\\\/07\\\/23\\\/assemblee-generale-2023-23-septembre-2023\\\/#article\",\"isPartOf\":{\"@id\":\"https:\\\/\\\/eve95ermont.com\\\/index.php\\\/2023\\\/07\\\/23\\\/assemblee-generale-2023-23-septembre-2023\\\/\"},\"author\":{\"name\":\"Maximilien\",\"@id\":\"https:\\\/\\\/eve95ermont.com\\\/#\\\/schema\\\/person\\\/e72a6b4373234bdc3e1f79cb4fd86a7f\"},\"headline\":\"23 septembre 2023 &#8211; Assembl\u00e9e g\u00e9n\u00e9rale 2023.\",\"datePublished\":\"2023-07-23T17:52:50+00:00\",\"dateModified\":\"2023-11-12T18:14:30+00:00\",\"mainEntityOfPage\":{\"@id\":\"https:\\\/\\\/eve95ermont.com\\\/index.php\\\/2023\\\/07\\\/23\\\/assemblee-generale-2023-23-septembre-2023\\\/\"},\"wordCount\":101,\"publisher\":{\"@id\":\"https:\\\/\\\/eve95ermont.com\\\/#organization\"},\"image\":{\"@id\":\"https:\\\/\\\/eve95ermont.com\\\/index.php\\\/2023\\\/07\\\/23\\\/assemblee-generale-2023-23-septembre-2023\\\/#primaryimage\"},\"thumbnailUrl\":\"https:\\\/\\\/eve95ermont.com\\\/wp-content\\\/uploads\\\/2023\\\/07\\\/assemblee-generale-2023-1.png\",\"keywords\":[\"Pass\u00e9\"],\"articleSection\":[\"Evenement\"],\"inLanguage\":\"fr-FR\"},{\"@type\":\"WebPage\",\"@id\":\"https:\\\/\\\/eve95ermont.com\\\/index.php\\\/2023\\\/07\\\/23\\\/assemblee-generale-2023-23-septembre-2023\\\/\",\"url\":\"https:\\\/\\\/eve95ermont.com\\\/index.php\\\/2023\\\/07\\\/23\\\/assemblee-generale-2023-23-septembre-2023\\\/\",\"name\":\"23 septembre 2023 - Assembl\u00e9e g\u00e9n\u00e9rale 2023. - Ermont Ville d&#039;Europe\",\"isPartOf\":{\"@id\":\"https:\\\/\\\/eve95ermont.com\\\/#website\"},\"primaryImageOfPage\":{\"@id\":\"https:\\\/\\\/eve95ermont.com\\\/index.php\\\/2023\\\/07\\\/23\\\/assemblee-generale-2023-23-septembre-2023\\\/#primaryimage\"},\"image\":{\"@id\":\"https:\\\/\\\/eve95ermont.com\\\/index.php\\\/2023\\\/07\\\/23\\\/assemblee-generale-2023-23-septembre-2023\\\/#primaryimage\"},\"thumbnailUrl\":\"https:\\\/\\\/eve95ermont.com\\\/wp-content\\\/uploads\\\/2023\\\/07\\\/assemblee-generale-2023-1.png\",\"datePublished\":\"2023-07-23T17:52:50+00:00\",\"dateModified\":\"2023-11-12T18:14:30+00:00\",\"description\":\"Assembl\u00e9e g\u00e9n\u00e9rale d'Ermont Ville d'Europe, le samedi 23 septembre 2023 \u00e0 15h30 -Salle de l'arche, 150 rue de la gare, 95120 Ermont\",\"breadcrumb\":{\"@id\":\"https:\\\/\\\/eve95ermont.com\\\/index.php\\\/2023\\\/07\\\/23\\\/assemblee-generale-2023-23-septembre-2023\\\/#breadcrumb\"},\"inLanguage\":\"fr-FR\",\"potentialAction\":[{\"@type\":\"ReadAction\",\"target\":[\"https:\\\/\\\/eve95ermont.com\\\/index.php\\\/2023\\\/07\\\/23\\\/assemblee-generale-2023-23-septembre-2023\\\/\"]}]},{\"@type\":\"ImageObject\",\"inLanguage\":\"fr-FR\",\"@id\":\"https:\\\/\\\/eve95ermont.com\\\/index.php\\\/2023\\\/07\\\/23\\\/assemblee-generale-2023-23-septembre-2023\\\/#primaryimage\",\"url\":\"https:\\\/\\\/eve95ermont.com\\\/wp-content\\\/uploads\\\/2023\\\/07\\\/assemblee-generale-2023-1.png\",\"contentUrl\":\"https:\\\/\\\/eve95ermont.com\\\/wp-content\\\/uploads\\\/2023\\\/07\\\/assemblee-generale-2023-1.png\",\"width\":1920,\"height\":1080},{\"@type\":\"BreadcrumbList\",\"@id\":\"https:\\\/\\\/eve95ermont.com\\\/index.php\\\/2023\\\/07\\\/23\\\/assemblee-generale-2023-23-septembre-2023\\\/#breadcrumb\",\"itemListElement\":[{\"@type\":\"ListItem\",\"position\":1,\"name\":\"Accueil\",\"item\":\"https:\\\/\\\/eve95ermont.com\\\/\"},{\"@type\":\"ListItem\",\"position\":2,\"name\":\"23 septembre 2023 &#8211; Assembl\u00e9e g\u00e9n\u00e9rale 2023.\"}]},{\"@type\":\"WebSite\",\"@id\":\"https:\\\/\\\/eve95ermont.com\\\/#website\",\"url\":\"https:\\\/\\\/eve95ermont.com\\\/\",\"name\":\"Ermont Ville d&#039;Europe\",\"description\":\"L&#039;association de jumelage d&#039;Ermont\",\"publisher\":{\"@id\":\"https:\\\/\\\/eve95ermont.com\\\/#organization\"},\"potentialAction\":[{\"@type\":\"SearchAction\",\"target\":{\"@type\":\"EntryPoint\",\"urlTemplate\":\"https:\\\/\\\/eve95ermont.com\\\/?s={search_term_string}\"},\"query-input\":{\"@type\":\"PropertyValueSpecification\",\"valueRequired\":true,\"valueName\":\"search_term_string\"}}],\"inLanguage\":\"fr-FR\"},{\"@type\":\"Organization\",\"@id\":\"https:\\\/\\\/eve95ermont.com\\\/#organization\",\"name\":\"Ermont Ville d&#039;Europe\",\"url\":\"https:\\\/\\\/eve95ermont.com\\\/\",\"logo\":{\"@type\":\"ImageObject\",\"inLanguage\":\"fr-FR\",\"@id\":\"https:\\\/\\\/eve95ermont.com\\\/#\\\/schema\\\/logo\\\/image\\\/\",\"url\":\"https:\\\/\\\/eve95ermont.com\\\/wp-content\\\/uploads\\\/2023\\\/06\\\/cropped-logo-eve-proposition-gris-clair-contour-noir-v2.png\",\"contentUrl\":\"https:\\\/\\\/eve95ermont.com\\\/wp-content\\\/uploads\\\/2023\\\/06\\\/cropped-logo-eve-proposition-gris-clair-contour-noir-v2.png\",\"width\":1157,\"height\":709,\"caption\":\"Ermont Ville d&#039;Europe\"},\"image\":{\"@id\":\"https:\\\/\\\/eve95ermont.com\\\/#\\\/schema\\\/logo\\\/image\\\/\"}},{\"@type\":\"Person\",\"@id\":\"https:\\\/\\\/eve95ermont.com\\\/#\\\/schema\\\/person\\\/e72a6b4373234bdc3e1f79cb4fd86a7f\",\"name\":\"Maximilien\",\"image\":{\"@type\":\"ImageObject\",\"inLanguage\":\"fr-FR\",\"@id\":\"https:\\\/\\\/secure.gravatar.com\\\/avatar\\\/48e0777bd0d7ae02b0a5b6de8f8e6a676f07405de4b16911dc5fa3da85d2dc40?s=96&d=mm&r=g\",\"url\":\"https:\\\/\\\/secure.gravatar.com\\\/avatar\\\/48e0777bd0d7ae02b0a5b6de8f8e6a676f07405de4b16911dc5fa3da85d2dc40?s=96&d=mm&r=g\",\"contentUrl\":\"https:\\\/\\\/secure.gravatar.com\\\/avatar\\\/48e0777bd0d7ae02b0a5b6de8f8e6a676f07405de4b16911dc5fa3da85d2dc40?s=96&d=mm&r=g\",\"caption\":\"Maximilien\"},\"sameAs\":[\"http:\\\/\\\/eve95ermont.com\\\/\"],\"url\":\"https:\\\/\\\/eve95ermont.com\\\/index.php\\\/author\\\/maximilien\\\/\"}]}<\/script>\n<!-- \/ Yoast SEO plugin. -->","yoast_head_json":{"title":"23 septembre 2023 - Assembl\u00e9e g\u00e9n\u00e9rale 2023. - Ermont Ville d&#039;Europe","description":"Assembl\u00e9e g\u00e9n\u00e9rale d'Ermont Ville d'Europe, le samedi 23 septembre 2023 \u00e0 15h30 -Salle de l'arche, 150 rue de la gare, 95120 Ermont","robots":{"index":"index","follow":"follow","max-snippet":"max-snippet:-1","max-image-preview":"max-image-preview:large","max-video-preview":"max-video-preview:-1"},"canonical":"https:\/\/eve95ermont.com\/index.php\/2023\/07\/23\/assemblee-generale-2023-23-septembre-2023\/","og_locale":"fr_FR","og_type":"article","og_title":"23 septembre 2023 - Assembl\u00e9e g\u00e9n\u00e9rale 2023. - Ermont Ville d&#039;Europe","og_description":"Assembl\u00e9e g\u00e9n\u00e9rale d'Ermont Ville d'Europe, le samedi 23 septembre 2023 \u00e0 15h30 -Salle de l'arche, 150 rue de la gare, 95120 Ermont","og_url":"https:\/\/eve95ermont.com\/index.php\/2023\/07\/23\/assemblee-generale-2023-23-septembre-2023\/","og_site_name":"Ermont Ville d&#039;Europe","article_published_time":"2023-07-23T17:52:50+00:00","article_modified_time":"2023-11-12T18:14:30+00:00","og_image":[{"width":1920,"height":1080,"url":"https:\/\/eve95ermont.com\/wp-content\/uploads\/2023\/07\/assemblee-generale-2023-1.png","type":"image\/png"}],"author":"Maximilien","twitter_card":"summary_large_image","twitter_misc":{"\u00c9crit par":"Maximilien","Dur\u00e9e de lecture estim\u00e9e":"1 minute"},"schema":{"@context":"https:\/\/schema.org","@graph":[{"@type":"Article","@id":"https:\/\/eve95ermont.com\/index.php\/2023\/07\/23\/assemblee-generale-2023-23-septembre-2023\/#article","isPartOf":{"@id":"https:\/\/eve95ermont.com\/index.php\/2023\/07\/23\/assemblee-generale-2023-23-septembre-2023\/"},"author":{"name":"Maximilien","@id":"https:\/\/eve95ermont.com\/#\/schema\/person\/e72a6b4373234bdc3e1f79cb4fd86a7f"},"headline":"23 septembre 2023 &#8211; Assembl\u00e9e g\u00e9n\u00e9rale 2023.","datePublished":"2023-07-23T17:52:50+00:00","dateModified":"2023-11-12T18:14:30+00:00","mainEntityOfPage":{"@id":"https:\/\/eve95ermont.com\/index.php\/2023\/07\/23\/assemblee-generale-2023-23-septembre-2023\/"},"wordCount":101,"publisher":{"@id":"https:\/\/eve95ermont.com\/#organization"},"image":{"@id":"https:\/\/eve95ermont.com\/index.php\/2023\/07\/23\/assemblee-generale-2023-23-septembre-2023\/#primaryimage"},"thumbnailUrl":"https:\/\/eve95ermont.com\/wp-content\/uploads\/2023\/07\/assemblee-generale-2023-1.png","keywords":["Pass\u00e9"],"articleSection":["Evenement"],"inLanguage":"fr-FR"},{"@type":"WebPage","@id":"https:\/\/eve95ermont.com\/index.php\/2023\/07\/23\/assemblee-generale-2023-23-septembre-2023\/","url":"https:\/\/eve95ermont.com\/index.php\/2023\/07\/23\/assemblee-generale-2023-23-septembre-2023\/","name":"23 septembre 2023 - Assembl\u00e9e g\u00e9n\u00e9rale 2023. - Ermont Ville d&#039;Europe","isPartOf":{"@id":"https:\/\/eve95ermont.com\/#website"},"primaryImageOfPage":{"@id":"https:\/\/eve95ermont.com\/index.php\/2023\/07\/23\/assemblee-generale-2023-23-septembre-2023\/#primaryimage"},"image":{"@id":"https:\/\/eve95ermont.com\/index.php\/2023\/07\/23\/assemblee-generale-2023-23-septembre-2023\/#primaryimage"},"thumbnailUrl":"https:\/\/eve95ermont.com\/wp-content\/uploads\/2023\/07\/assemblee-generale-2023-1.png","datePublished":"2023-07-23T17:52:50+00:00","dateModified":"2023-11-12T18:14:30+00:00","description":"Assembl\u00e9e g\u00e9n\u00e9rale d'Ermont Ville d'Europe, le samedi 23 septembre 2023 \u00e0 15h30 -Salle de l'arche, 150 rue de la gare, 95120 Ermont","breadcrumb":{"@id":"https:\/\/eve95ermont.com\/index.php\/2023\/07\/23\/assemblee-generale-2023-23-septembre-2023\/#breadcrumb"},"inLanguage":"fr-FR","potentialAction":[{"@type":"ReadAction","target":["https:\/\/eve95ermont.com\/index.php\/2023\/07\/23\/assemblee-generale-2023-23-septembre-2023\/"]}]},{"@type":"ImageObject","inLanguage":"fr-FR","@id":"https:\/\/eve95ermont.com\/index.php\/2023\/07\/23\/assemblee-generale-2023-23-septembre-2023\/#primaryimage","url":"https:\/\/eve95ermont.com\/wp-content\/uploads\/2023\/07\/assemblee-generale-2023-1.png","contentUrl":"https:\/\/eve95ermont.com\/wp-content\/uploads\/2023\/07\/assemblee-generale-2023-1.png","width":1920,"height":1080},{"@type":"BreadcrumbList","@id":"https:\/\/eve95ermont.com\/index.php\/2023\/07\/23\/assemblee-generale-2023-23-septembre-2023\/#breadcrumb","itemListElement":[{"@type":"ListItem","position":1,"name":"Accueil","item":"https:\/\/eve95ermont.com\/"},{"@type":"ListItem","position":2,"name":"23 septembre 2023 &#8211; Assembl\u00e9e g\u00e9n\u00e9rale 2023."}]},{"@type":"WebSite","@id":"https:\/\/eve95ermont.com\/#website","url":"https:\/\/eve95ermont.com\/","name":"Ermont Ville d&#039;Europe","description":"L&#039;association de jumelage d&#039;Ermont","publisher":{"@id":"https:\/\/eve95ermont.com\/#organization"},"potentialAction":[{"@type":"SearchAction","target":{"@type":"EntryPoint","urlTemplate":"https:\/\/eve95ermont.com\/?s={search_term_string}"},"query-input":{"@type":"PropertyValueSpecification","valueRequired":true,"valueName":"search_term_string"}}],"inLanguage":"fr-FR"},{"@type":"Organization","@id":"https:\/\/eve95ermont.com\/#organization","name":"Ermont Ville d&#039;Europe","url":"https:\/\/eve95ermont.com\/","logo":{"@type":"ImageObject","inLanguage":"fr-FR","@id":"https:\/\/eve95ermont.com\/#\/schema\/logo\/image\/","url":"https:\/\/eve95ermont.com\/wp-content\/uploads\/2023\/06\/cropped-logo-eve-proposition-gris-clair-contour-noir-v2.png","contentUrl":"https:\/\/eve95ermont.com\/wp-content\/uploads\/2023\/06\/cropped-logo-eve-proposition-gris-clair-contour-noir-v2.png","width":1157,"height":709,"caption":"Ermont Ville d&#039;Europe"},"image":{"@id":"https:\/\/eve95ermont.com\/#\/schema\/logo\/image\/"}},{"@type":"Person","@id":"https:\/\/eve95ermont.com\/#\/schema\/person\/e72a6b4373234bdc3e1f79cb4fd86a7f","name":"Maximilien","image":{"@type":"ImageObject","inLanguage":"fr-FR","@id":"https:\/\/secure.gravatar.com\/avatar\/48e0777bd0d7ae02b0a5b6de8f8e6a676f07405de4b16911dc5fa3da85d2dc40?s=96&d=mm&r=g","url":"https:\/\/secure.gravatar.com\/avatar\/48e0777bd0d7ae02b0a5b6de8f8e6a676f07405de4b16911dc5fa3da85d2dc40?s=96&d=mm&r=g","contentUrl":"https:\/\/secure.gravatar.com\/avatar\/48e0777bd0d7ae02b0a5b6de8f8e6a676f07405de4b16911dc5fa3da85d2dc40?s=96&d=mm&r=g","caption":"Maximilien"},"sameAs":["http:\/\/eve95ermont.com\/"],"url":"https:\/\/eve95ermont.com\/index.php\/author\/maximilien\/"}]}},"_links":{"self":[{"href":"https:\/\/eve95ermont.com\/index.php\/wp-json\/wp\/v2\/posts\/553","targetHints":{"allow":["GET"]}}],"collection":[{"href":"https:\/\/eve95ermont.com\/index.php\/wp-json\/wp\/v2\/posts"}],"about":[{"href":"https:\/\/eve95ermont.com\/index.php\/wp-json\/wp\/v2\/types\/post"}],"author":[{"embeddable":true,"href":"https:\/\/eve95ermont.com\/index.php\/wp-json\/wp\/v2\/users\/2"}],"replies":[{"embeddable":true,"href":"https:\/\/eve95ermont.com\/index.php\/wp-json\/wp\/v2\/comments?post=553"}],"version-history":[{"count":7,"href":"https:\/\/eve95ermont.com\/index.php\/wp-json\/wp\/v2\/posts\/553\/revisions"}],"predecessor-version":[{"id":785,"href":"https:\/\/eve95ermont.com\/index.php\/wp-json\/wp\/v2\/posts\/553\/revisions\/785"}],"wp:featuredmedia":[{"embeddable":true,"href":"https:\/\/eve95ermont.com\/index.php\/wp-json\/wp\/v2\/media\/588"}],"wp:attachment":[{"href":"https:\/\/eve95ermont.com\/index.php\/wp-json\/wp\/v2\/media?parent=553"}],"wp:term":[{"taxonomy":"category","embeddable":true,"href":"https:\/\/eve95ermont.com\/index.php\/wp-json\/wp\/v2\/categories?post=553"},{"taxonomy":"post_tag","embeddable":true,"href":"https:\/\/eve95ermont.com\/index.php\/wp-json\/wp\/v2\/tags?post=553"}],"curies":[{"name":"wp","href":"https:\/\/api.w.org\/{rel}","templated":true}]}}