{"id":220,"date":"2023-04-23T14:13:06","date_gmt":"2023-04-23T12:13:06","guid":{"rendered":"https:\/\/eve95ermont.com\/?p=220"},"modified":"2023-07-27T19:08:26","modified_gmt":"2023-07-27T17:08:26","slug":"gouter-a-theme-12-mars-2023","status":"publish","type":"post","link":"https:\/\/eve95ermont.com\/index.php\/2023\/04\/23\/gouter-a-theme-12-mars-2023\/","title":{"rendered":"12 Mars 2023 &#8211; Go\u00fbter \u00e0 th\u00e8me"},"content":{"rendered":"\n<h2 class=\"wp-block-heading\">Avis aux adh\u00e9rents<\/h2>\n\n\n\n<p class=\"has-text-align-center\">Lieu de l&rsquo;\u00e9v\u00e9nement :<br>Salle n\u00b01 &#8211; Maison des Associations<br>37 bis rue Maurice Berteaux<br>95120 Ermont<\/p>\n\n\n\n<p>Nous vous invitons \u00e0 pr\u00e9parer et ramener des g\u00e2teaux et autres sp\u00e9cialit\u00e9s de v\u00f4tre pays.<\/p>\n\n\n\n<p>Lors de n\u00f4tre go\u00fbter aura lieu une animation de danse country avec Sophie de Country On Fire dans laquelle vous pourrez prendre part<\/p>\n\n\n\n<figure class=\"wp-block-image size-large\"><img loading=\"lazy\" decoding=\"async\" width=\"1024\" height=\"576\" src=\"https:\/\/eve95ermont.com\/wp-content\/uploads\/2023\/07\/Gouter-a-theme-Avis-adherents-12-mars-2023-v2-avec-logo-v3-1-1024x576.png\" alt=\"\" class=\"wp-image-533\" srcset=\"https:\/\/eve95ermont.com\/wp-content\/uploads\/2023\/07\/Gouter-a-theme-Avis-adherents-12-mars-2023-v2-avec-logo-v3-1-1024x576.png 1024w, https:\/\/eve95ermont.com\/wp-content\/uploads\/2023\/07\/Gouter-a-theme-Avis-adherents-12-mars-2023-v2-avec-logo-v3-1-300x169.png 300w, https:\/\/eve95ermont.com\/wp-content\/uploads\/2023\/07\/Gouter-a-theme-Avis-adherents-12-mars-2023-v2-avec-logo-v3-1-768x432.png 768w, https:\/\/eve95ermont.com\/wp-content\/uploads\/2023\/07\/Gouter-a-theme-Avis-adherents-12-mars-2023-v2-avec-logo-v3-1-1536x864.png 1536w, https:\/\/eve95ermont.com\/wp-content\/uploads\/2023\/07\/Gouter-a-theme-Avis-adherents-12-mars-2023-v2-avec-logo-v3-1.png 1920w\" sizes=\"auto, (max-width: 1024px) 100vw, 1024px\" \/><\/figure>\n","protected":false},"excerpt":{"rendered":"<p>Nous vous invitons \u00e0 pr\u00e9parer et ramener des g\u00e2teaux et autres sp\u00e9cialit\u00e9s de v\u00f4tre pays.<\/p>\n<p>Lors de n\u00f4tre go\u00fbter aura lieu une animation de danse country avec Sophie de Country On Fire dans laquelle vous pourrez prendre part<\/p>\n","protected":false},"author":2,"featured_media":533,"comment_status":"closed","ping_status":"closed","sticky":false,"template":"","format":"standard","meta":{"footnotes":""},"categories":[8],"tags":[33],"class_list":["post-220","post","type-post","status-publish","format-standard","has-post-thumbnail","hentry","category-evenement","tag-passe"],"yoast_head":"<!-- This site is optimized with the Yoast SEO plugin v27.5 - https:\/\/yoast.com\/product\/yoast-seo-wordpress\/ -->\n<title>12 Mars 2023 - Go\u00fbter \u00e0 th\u00e8me - Ermont Ville d&#039;Europe<\/title>\n<meta name=\"description\" content=\"Lors de n\u00f4tre go\u00fbter aura lieu une animation de danse country avec Sophie de Country On Fire dans laquelle vous pourrez prendre part\" \/>\n<meta name=\"robots\" content=\"index, follow, max-snippet:-1, max-image-preview:large, max-video-preview:-1\" \/>\n<link rel=\"canonical\" href=\"http:\/\/eve95ermont.com\/index.php\/2023\/04\/23\/gouter-a-theme-12-mars-2023\/\" \/>\n<meta property=\"og:locale\" content=\"fr_FR\" \/>\n<meta property=\"og:type\" content=\"article\" \/>\n<meta property=\"og:title\" content=\"12 Mars 2023 - Go\u00fbter \u00e0 th\u00e8me - Ermont Ville d&#039;Europe\" \/>\n<meta property=\"og:description\" content=\"Lors de n\u00f4tre go\u00fbter aura lieu une animation de danse country avec Sophie de Country On Fire dans laquelle vous pourrez prendre part\" \/>\n<meta property=\"og:url\" content=\"http:\/\/eve95ermont.com\/index.php\/2023\/04\/23\/gouter-a-theme-12-mars-2023\/\" \/>\n<meta property=\"og:site_name\" content=\"Ermont Ville d&#039;Europe\" \/>\n<meta property=\"article:published_time\" content=\"2023-04-23T12:13:06+00:00\" \/>\n<meta property=\"article:modified_time\" content=\"2023-07-27T17:08:26+00:00\" \/>\n<meta property=\"og:image\" content=\"http:\/\/eve95ermont.com\/wp-content\/uploads\/2023\/07\/Gouter-a-theme-Avis-adherents-12-mars-2023-v2-avec-logo-v3-1.png\" \/>\n\t<meta property=\"og:image:width\" content=\"1920\" \/>\n\t<meta property=\"og:image:height\" content=\"1080\" \/>\n\t<meta property=\"og:image:type\" content=\"image\/png\" \/>\n<meta name=\"author\" content=\"Maximilien\" \/>\n<meta name=\"twitter:card\" content=\"summary_large_image\" \/>\n<meta name=\"twitter:label1\" content=\"\u00c9crit par\" \/>\n\t<meta name=\"twitter:data1\" content=\"Maximilien\" \/>\n\t<meta name=\"twitter:label2\" content=\"Dur\u00e9e de lecture estim\u00e9e\" \/>\n\t<meta name=\"twitter:data2\" content=\"1 minute\" \/>\n<script type=\"application\/ld+json\" class=\"yoast-schema-graph\">{\"@context\":\"https:\\\/\\\/schema.org\",\"@graph\":[{\"@type\":\"Article\",\"@id\":\"http:\\\/\\\/eve95ermont.com\\\/index.php\\\/2023\\\/04\\\/23\\\/gouter-a-theme-12-mars-2023\\\/#article\",\"isPartOf\":{\"@id\":\"http:\\\/\\\/eve95ermont.com\\\/index.php\\\/2023\\\/04\\\/23\\\/gouter-a-theme-12-mars-2023\\\/\"},\"author\":{\"name\":\"Maximilien\",\"@id\":\"https:\\\/\\\/eve95ermont.com\\\/#\\\/schema\\\/person\\\/e72a6b4373234bdc3e1f79cb4fd86a7f\"},\"headline\":\"12 Mars 2023 &#8211; Go\u00fbter \u00e0 th\u00e8me\",\"datePublished\":\"2023-04-23T12:13:06+00:00\",\"dateModified\":\"2023-07-27T17:08:26+00:00\",\"mainEntityOfPage\":{\"@id\":\"http:\\\/\\\/eve95ermont.com\\\/index.php\\\/2023\\\/04\\\/23\\\/gouter-a-theme-12-mars-2023\\\/\"},\"wordCount\":70,\"publisher\":{\"@id\":\"https:\\\/\\\/eve95ermont.com\\\/#organization\"},\"image\":{\"@id\":\"http:\\\/\\\/eve95ermont.com\\\/index.php\\\/2023\\\/04\\\/23\\\/gouter-a-theme-12-mars-2023\\\/#primaryimage\"},\"thumbnailUrl\":\"https:\\\/\\\/eve95ermont.com\\\/wp-content\\\/uploads\\\/2023\\\/07\\\/Gouter-a-theme-Avis-adherents-12-mars-2023-v2-avec-logo-v3-1.png\",\"keywords\":[\"Pass\u00e9\"],\"articleSection\":[\"Evenement\"],\"inLanguage\":\"fr-FR\"},{\"@type\":\"WebPage\",\"@id\":\"http:\\\/\\\/eve95ermont.com\\\/index.php\\\/2023\\\/04\\\/23\\\/gouter-a-theme-12-mars-2023\\\/\",\"url\":\"http:\\\/\\\/eve95ermont.com\\\/index.php\\\/2023\\\/04\\\/23\\\/gouter-a-theme-12-mars-2023\\\/\",\"name\":\"12 Mars 2023 - Go\u00fbter \u00e0 th\u00e8me - Ermont Ville d&#039;Europe\",\"isPartOf\":{\"@id\":\"https:\\\/\\\/eve95ermont.com\\\/#website\"},\"primaryImageOfPage\":{\"@id\":\"http:\\\/\\\/eve95ermont.com\\\/index.php\\\/2023\\\/04\\\/23\\\/gouter-a-theme-12-mars-2023\\\/#primaryimage\"},\"image\":{\"@id\":\"http:\\\/\\\/eve95ermont.com\\\/index.php\\\/2023\\\/04\\\/23\\\/gouter-a-theme-12-mars-2023\\\/#primaryimage\"},\"thumbnailUrl\":\"https:\\\/\\\/eve95ermont.com\\\/wp-content\\\/uploads\\\/2023\\\/07\\\/Gouter-a-theme-Avis-adherents-12-mars-2023-v2-avec-logo-v3-1.png\",\"datePublished\":\"2023-04-23T12:13:06+00:00\",\"dateModified\":\"2023-07-27T17:08:26+00:00\",\"description\":\"Lors de n\u00f4tre go\u00fbter aura lieu une animation de danse country avec Sophie de Country On Fire dans laquelle vous pourrez prendre part\",\"breadcrumb\":{\"@id\":\"http:\\\/\\\/eve95ermont.com\\\/index.php\\\/2023\\\/04\\\/23\\\/gouter-a-theme-12-mars-2023\\\/#breadcrumb\"},\"inLanguage\":\"fr-FR\",\"potentialAction\":[{\"@type\":\"ReadAction\",\"target\":[\"http:\\\/\\\/eve95ermont.com\\\/index.php\\\/2023\\\/04\\\/23\\\/gouter-a-theme-12-mars-2023\\\/\"]}]},{\"@type\":\"ImageObject\",\"inLanguage\":\"fr-FR\",\"@id\":\"http:\\\/\\\/eve95ermont.com\\\/index.php\\\/2023\\\/04\\\/23\\\/gouter-a-theme-12-mars-2023\\\/#primaryimage\",\"url\":\"https:\\\/\\\/eve95ermont.com\\\/wp-content\\\/uploads\\\/2023\\\/07\\\/Gouter-a-theme-Avis-adherents-12-mars-2023-v2-avec-logo-v3-1.png\",\"contentUrl\":\"https:\\\/\\\/eve95ermont.com\\\/wp-content\\\/uploads\\\/2023\\\/07\\\/Gouter-a-theme-Avis-adherents-12-mars-2023-v2-avec-logo-v3-1.png\",\"width\":1920,\"height\":1080,\"caption\":\"Go\u00fbter \u00e0 th\u00e8me du 12 mars 2023 - Co\"},{\"@type\":\"BreadcrumbList\",\"@id\":\"http:\\\/\\\/eve95ermont.com\\\/index.php\\\/2023\\\/04\\\/23\\\/gouter-a-theme-12-mars-2023\\\/#breadcrumb\",\"itemListElement\":[{\"@type\":\"ListItem\",\"position\":1,\"name\":\"Accueil\",\"item\":\"https:\\\/\\\/eve95ermont.com\\\/\"},{\"@type\":\"ListItem\",\"position\":2,\"name\":\"12 Mars 2023 &#8211; Go\u00fbter \u00e0 th\u00e8me\"}]},{\"@type\":\"WebSite\",\"@id\":\"https:\\\/\\\/eve95ermont.com\\\/#website\",\"url\":\"https:\\\/\\\/eve95ermont.com\\\/\",\"name\":\"Ermont Ville d&#039;Europe\",\"description\":\"L&#039;association de jumelage d&#039;Ermont\",\"publisher\":{\"@id\":\"https:\\\/\\\/eve95ermont.com\\\/#organization\"},\"potentialAction\":[{\"@type\":\"SearchAction\",\"target\":{\"@type\":\"EntryPoint\",\"urlTemplate\":\"https:\\\/\\\/eve95ermont.com\\\/?s={search_term_string}\"},\"query-input\":{\"@type\":\"PropertyValueSpecification\",\"valueRequired\":true,\"valueName\":\"search_term_string\"}}],\"inLanguage\":\"fr-FR\"},{\"@type\":\"Organization\",\"@id\":\"https:\\\/\\\/eve95ermont.com\\\/#organization\",\"name\":\"Ermont Ville d&#039;Europe\",\"url\":\"https:\\\/\\\/eve95ermont.com\\\/\",\"logo\":{\"@type\":\"ImageObject\",\"inLanguage\":\"fr-FR\",\"@id\":\"https:\\\/\\\/eve95ermont.com\\\/#\\\/schema\\\/logo\\\/image\\\/\",\"url\":\"https:\\\/\\\/eve95ermont.com\\\/wp-content\\\/uploads\\\/2023\\\/06\\\/cropped-logo-eve-proposition-gris-clair-contour-noir-v2.png\",\"contentUrl\":\"https:\\\/\\\/eve95ermont.com\\\/wp-content\\\/uploads\\\/2023\\\/06\\\/cropped-logo-eve-proposition-gris-clair-contour-noir-v2.png\",\"width\":1157,\"height\":709,\"caption\":\"Ermont Ville d&#039;Europe\"},\"image\":{\"@id\":\"https:\\\/\\\/eve95ermont.com\\\/#\\\/schema\\\/logo\\\/image\\\/\"}},{\"@type\":\"Person\",\"@id\":\"https:\\\/\\\/eve95ermont.com\\\/#\\\/schema\\\/person\\\/e72a6b4373234bdc3e1f79cb4fd86a7f\",\"name\":\"Maximilien\",\"image\":{\"@type\":\"ImageObject\",\"inLanguage\":\"fr-FR\",\"@id\":\"https:\\\/\\\/secure.gravatar.com\\\/avatar\\\/48e0777bd0d7ae02b0a5b6de8f8e6a676f07405de4b16911dc5fa3da85d2dc40?s=96&d=mm&r=g\",\"url\":\"https:\\\/\\\/secure.gravatar.com\\\/avatar\\\/48e0777bd0d7ae02b0a5b6de8f8e6a676f07405de4b16911dc5fa3da85d2dc40?s=96&d=mm&r=g\",\"contentUrl\":\"https:\\\/\\\/secure.gravatar.com\\\/avatar\\\/48e0777bd0d7ae02b0a5b6de8f8e6a676f07405de4b16911dc5fa3da85d2dc40?s=96&d=mm&r=g\",\"caption\":\"Maximilien\"},\"sameAs\":[\"http:\\\/\\\/eve95ermont.com\\\/\"],\"url\":\"https:\\\/\\\/eve95ermont.com\\\/index.php\\\/author\\\/maximilien\\\/\"}]}<\/script>\n<!-- \/ Yoast SEO plugin. -->","yoast_head_json":{"title":"12 Mars 2023 - Go\u00fbter \u00e0 th\u00e8me - Ermont Ville d&#039;Europe","description":"Lors de n\u00f4tre go\u00fbter aura lieu une animation de danse country avec Sophie de Country On Fire dans laquelle vous pourrez prendre part","robots":{"index":"index","follow":"follow","max-snippet":"max-snippet:-1","max-image-preview":"max-image-preview:large","max-video-preview":"max-video-preview:-1"},"canonical":"http:\/\/eve95ermont.com\/index.php\/2023\/04\/23\/gouter-a-theme-12-mars-2023\/","og_locale":"fr_FR","og_type":"article","og_title":"12 Mars 2023 - Go\u00fbter \u00e0 th\u00e8me - Ermont Ville d&#039;Europe","og_description":"Lors de n\u00f4tre go\u00fbter aura lieu une animation de danse country avec Sophie de Country On Fire dans laquelle vous pourrez prendre part","og_url":"http:\/\/eve95ermont.com\/index.php\/2023\/04\/23\/gouter-a-theme-12-mars-2023\/","og_site_name":"Ermont Ville d&#039;Europe","article_published_time":"2023-04-23T12:13:06+00:00","article_modified_time":"2023-07-27T17:08:26+00:00","og_image":[{"width":1920,"height":1080,"url":"http:\/\/eve95ermont.com\/wp-content\/uploads\/2023\/07\/Gouter-a-theme-Avis-adherents-12-mars-2023-v2-avec-logo-v3-1.png","type":"image\/png"}],"author":"Maximilien","twitter_card":"summary_large_image","twitter_misc":{"\u00c9crit par":"Maximilien","Dur\u00e9e de lecture estim\u00e9e":"1 minute"},"schema":{"@context":"https:\/\/schema.org","@graph":[{"@type":"Article","@id":"http:\/\/eve95ermont.com\/index.php\/2023\/04\/23\/gouter-a-theme-12-mars-2023\/#article","isPartOf":{"@id":"http:\/\/eve95ermont.com\/index.php\/2023\/04\/23\/gouter-a-theme-12-mars-2023\/"},"author":{"name":"Maximilien","@id":"https:\/\/eve95ermont.com\/#\/schema\/person\/e72a6b4373234bdc3e1f79cb4fd86a7f"},"headline":"12 Mars 2023 &#8211; Go\u00fbter \u00e0 th\u00e8me","datePublished":"2023-04-23T12:13:06+00:00","dateModified":"2023-07-27T17:08:26+00:00","mainEntityOfPage":{"@id":"http:\/\/eve95ermont.com\/index.php\/2023\/04\/23\/gouter-a-theme-12-mars-2023\/"},"wordCount":70,"publisher":{"@id":"https:\/\/eve95ermont.com\/#organization"},"image":{"@id":"http:\/\/eve95ermont.com\/index.php\/2023\/04\/23\/gouter-a-theme-12-mars-2023\/#primaryimage"},"thumbnailUrl":"https:\/\/eve95ermont.com\/wp-content\/uploads\/2023\/07\/Gouter-a-theme-Avis-adherents-12-mars-2023-v2-avec-logo-v3-1.png","keywords":["Pass\u00e9"],"articleSection":["Evenement"],"inLanguage":"fr-FR"},{"@type":"WebPage","@id":"http:\/\/eve95ermont.com\/index.php\/2023\/04\/23\/gouter-a-theme-12-mars-2023\/","url":"http:\/\/eve95ermont.com\/index.php\/2023\/04\/23\/gouter-a-theme-12-mars-2023\/","name":"12 Mars 2023 - Go\u00fbter \u00e0 th\u00e8me - Ermont Ville d&#039;Europe","isPartOf":{"@id":"https:\/\/eve95ermont.com\/#website"},"primaryImageOfPage":{"@id":"http:\/\/eve95ermont.com\/index.php\/2023\/04\/23\/gouter-a-theme-12-mars-2023\/#primaryimage"},"image":{"@id":"http:\/\/eve95ermont.com\/index.php\/2023\/04\/23\/gouter-a-theme-12-mars-2023\/#primaryimage"},"thumbnailUrl":"https:\/\/eve95ermont.com\/wp-content\/uploads\/2023\/07\/Gouter-a-theme-Avis-adherents-12-mars-2023-v2-avec-logo-v3-1.png","datePublished":"2023-04-23T12:13:06+00:00","dateModified":"2023-07-27T17:08:26+00:00","description":"Lors de n\u00f4tre go\u00fbter aura lieu une animation de danse country avec Sophie de Country On Fire dans laquelle vous pourrez prendre part","breadcrumb":{"@id":"http:\/\/eve95ermont.com\/index.php\/2023\/04\/23\/gouter-a-theme-12-mars-2023\/#breadcrumb"},"inLanguage":"fr-FR","potentialAction":[{"@type":"ReadAction","target":["http:\/\/eve95ermont.com\/index.php\/2023\/04\/23\/gouter-a-theme-12-mars-2023\/"]}]},{"@type":"ImageObject","inLanguage":"fr-FR","@id":"http:\/\/eve95ermont.com\/index.php\/2023\/04\/23\/gouter-a-theme-12-mars-2023\/#primaryimage","url":"https:\/\/eve95ermont.com\/wp-content\/uploads\/2023\/07\/Gouter-a-theme-Avis-adherents-12-mars-2023-v2-avec-logo-v3-1.png","contentUrl":"https:\/\/eve95ermont.com\/wp-content\/uploads\/2023\/07\/Gouter-a-theme-Avis-adherents-12-mars-2023-v2-avec-logo-v3-1.png","width":1920,"height":1080,"caption":"Go\u00fbter \u00e0 th\u00e8me du 12 mars 2023 - Co"},{"@type":"BreadcrumbList","@id":"http:\/\/eve95ermont.com\/index.php\/2023\/04\/23\/gouter-a-theme-12-mars-2023\/#breadcrumb","itemListElement":[{"@type":"ListItem","position":1,"name":"Accueil","item":"https:\/\/eve95ermont.com\/"},{"@type":"ListItem","position":2,"name":"12 Mars 2023 &#8211; Go\u00fbter \u00e0 th\u00e8me"}]},{"@type":"WebSite","@id":"https:\/\/eve95ermont.com\/#website","url":"https:\/\/eve95ermont.com\/","name":"Ermont Ville d&#039;Europe","description":"L&#039;association de jumelage d&#039;Ermont","publisher":{"@id":"https:\/\/eve95ermont.com\/#organization"},"potentialAction":[{"@type":"SearchAction","target":{"@type":"EntryPoint","urlTemplate":"https:\/\/eve95ermont.com\/?s={search_term_string}"},"query-input":{"@type":"PropertyValueSpecification","valueRequired":true,"valueName":"search_term_string"}}],"inLanguage":"fr-FR"},{"@type":"Organization","@id":"https:\/\/eve95ermont.com\/#organization","name":"Ermont Ville d&#039;Europe","url":"https:\/\/eve95ermont.com\/","logo":{"@type":"ImageObject","inLanguage":"fr-FR","@id":"https:\/\/eve95ermont.com\/#\/schema\/logo\/image\/","url":"https:\/\/eve95ermont.com\/wp-content\/uploads\/2023\/06\/cropped-logo-eve-proposition-gris-clair-contour-noir-v2.png","contentUrl":"https:\/\/eve95ermont.com\/wp-content\/uploads\/2023\/06\/cropped-logo-eve-proposition-gris-clair-contour-noir-v2.png","width":1157,"height":709,"caption":"Ermont Ville d&#039;Europe"},"image":{"@id":"https:\/\/eve95ermont.com\/#\/schema\/logo\/image\/"}},{"@type":"Person","@id":"https:\/\/eve95ermont.com\/#\/schema\/person\/e72a6b4373234bdc3e1f79cb4fd86a7f","name":"Maximilien","image":{"@type":"ImageObject","inLanguage":"fr-FR","@id":"https:\/\/secure.gravatar.com\/avatar\/48e0777bd0d7ae02b0a5b6de8f8e6a676f07405de4b16911dc5fa3da85d2dc40?s=96&d=mm&r=g","url":"https:\/\/secure.gravatar.com\/avatar\/48e0777bd0d7ae02b0a5b6de8f8e6a676f07405de4b16911dc5fa3da85d2dc40?s=96&d=mm&r=g","contentUrl":"https:\/\/secure.gravatar.com\/avatar\/48e0777bd0d7ae02b0a5b6de8f8e6a676f07405de4b16911dc5fa3da85d2dc40?s=96&d=mm&r=g","caption":"Maximilien"},"sameAs":["http:\/\/eve95ermont.com\/"],"url":"https:\/\/eve95ermont.com\/index.php\/author\/maximilien\/"}]}},"_links":{"self":[{"href":"https:\/\/eve95ermont.com\/index.php\/wp-json\/wp\/v2\/posts\/220","targetHints":{"allow":["GET"]}}],"collection":[{"href":"https:\/\/eve95ermont.com\/index.php\/wp-json\/wp\/v2\/posts"}],"about":[{"href":"https:\/\/eve95ermont.com\/index.php\/wp-json\/wp\/v2\/types\/post"}],"author":[{"embeddable":true,"href":"https:\/\/eve95ermont.com\/index.php\/wp-json\/wp\/v2\/users\/2"}],"replies":[{"embeddable":true,"href":"https:\/\/eve95ermont.com\/index.php\/wp-json\/wp\/v2\/comments?post=220"}],"version-history":[{"count":8,"href":"https:\/\/eve95ermont.com\/index.php\/wp-json\/wp\/v2\/posts\/220\/revisions"}],"predecessor-version":[{"id":609,"href":"https:\/\/eve95ermont.com\/index.php\/wp-json\/wp\/v2\/posts\/220\/revisions\/609"}],"wp:featuredmedia":[{"embeddable":true,"href":"https:\/\/eve95ermont.com\/index.php\/wp-json\/wp\/v2\/media\/533"}],"wp:attachment":[{"href":"https:\/\/eve95ermont.com\/index.php\/wp-json\/wp\/v2\/media?parent=220"}],"wp:term":[{"taxonomy":"category","embeddable":true,"href":"https:\/\/eve95ermont.com\/index.php\/wp-json\/wp\/v2\/categories?post=220"},{"taxonomy":"post_tag","embeddable":true,"href":"https:\/\/eve95ermont.com\/index.php\/wp-json\/wp\/v2\/tags?post=220"}],"curies":[{"name":"wp","href":"https:\/\/api.w.org\/{rel}","templated":true}]}}