{"id":1630,"date":"2026-09-03T21:33:17","date_gmt":"2026-09-03T19:33:17","guid":{"rendered":"https:\/\/eve95ermont.com\/?p=1630"},"modified":"2026-09-03T21:34:16","modified_gmt":"2026-09-03T19:34:16","slug":"assemblee-generale-2026-square-anciens-combatants-anatole-france","status":"publish","type":"post","link":"https:\/\/eve95ermont.com\/index.php\/2026\/09\/03\/assemblee-generale-2026-square-anciens-combatants-anatole-france\/","title":{"rendered":"Assembl\u00e9e G\u00e9n\u00e9rale 2026 &#8211; 16 Septembre 2026 &#8211; Espace seniors Anatole France"},"content":{"rendered":"\n<figure class=\"wp-block-image size-large\"><img loading=\"lazy\" decoding=\"async\" width=\"1024\" height=\"585\" src=\"https:\/\/eve95ermont.com\/wp-content\/uploads\/2026\/09\/assemblee-generale-2026-1024x585.png\" alt=\"\" class=\"wp-image-1631\" srcset=\"https:\/\/eve95ermont.com\/wp-content\/uploads\/2026\/09\/assemblee-generale-2026-1024x585.png 1024w, https:\/\/eve95ermont.com\/wp-content\/uploads\/2026\/09\/assemblee-generale-2026-767x438.png 767w, https:\/\/eve95ermont.com\/wp-content\/uploads\/2026\/09\/assemblee-generale-2026-300x171.png 300w, https:\/\/eve95ermont.com\/wp-content\/uploads\/2026\/09\/assemblee-generale-2026-1536x878.png 1536w, https:\/\/eve95ermont.com\/wp-content\/uploads\/2026\/09\/assemblee-generale-2026.png 1792w\" sizes=\"auto, (max-width: 1024px) 100vw, 1024px\" \/><\/figure>\n\n\n\n<h1 class=\"wp-block-heading has-text-align-center\">Assembl\u00e9e G\u00e9n\u00e9rale 2026<\/h1>\n\n\n\n<h2 class=\"wp-block-heading has-text-align-center\">Avis aux adh\u00e9rents<\/h2>\n\n\n\n<h3 class=\"wp-block-heading has-text-align-center\">Le mercredi 16 S\u00e9ptembre 2026 \u00e0 19h<\/h3>\n\n\n\n<p class=\"wp-block-paragraph\">Lieu de l\u2019\u00e9v\u00e9nement :<\/p>\n\n\n\n<p class=\"has-text-align-center wp-block-paragraph\">Espace Seniors Anatole France<br>36 Rue de Stalingrad<br>95120 Ermont<\/p>\n\n\n\n<p class=\"wp-block-paragraph\">N&rsquo;oubliez pas de donner votre pouvoir en cas d\u2019absence<br>gr\u00e2ce au formulaire de procuration : <a href=\"https:\/\/eve95ermont.com\/index.php\/2023\/04\/30\/procuration\/\">https:\/\/eve95ermont.com\/index.php\/2023\/04\/30\/procuration\/<\/a><\/p>\n\n\n\n<p class=\"wp-block-paragraph\">Pour participer au vote, vous devez \u00eatre \u00e0 jour de vos cotisations.<\/p>\n\n\n\n<p class=\"wp-block-paragraph\">R\u00e9glement de la cotisation : par ch\u00e8que \u00e0 l\u2019ordre d\u2019Ermont Ville D\u2019Europe<\/p>\n\n\n\n<p class=\"wp-block-paragraph\"><\/p>\n","protected":false},"excerpt":{"rendered":"<p>L\u2019Assembl\u00e9e G\u00e9n\u00e9rale 2026 d\u2019Ermont Ville d\u2019Europe aura lieu le 16 septembre \u00e0 19h \u00e0 l\u2019Espace Seniors Anatole France.<\/p>\n","protected":false},"author":2,"featured_media":1631,"comment_status":"closed","ping_status":"open","sticky":false,"template":"","format":"standard","meta":{"footnotes":""},"categories":[35,8],"tags":[34],"class_list":["post-1630","post","type-post","status-publish","format-standard","has-post-thumbnail","hentry","category-blog","category-evenement","tag-actualite"],"yoast_head":"<!-- This site is optimized with the Yoast SEO plugin v28.4 - https:\/\/yoast.com\/product\/yoast-seo-wordpress\/ -->\n<title>Assembl\u00e9e G\u00e9n\u00e9rale 2026 - 16 Septembre 2026 - Espace seniors Anatole France - Ermont Ville d&#039;Europe<\/title>\n<meta name=\"description\" content=\"Assembl\u00e9e G\u00e9n\u00e9rale d\u2019Ermont Ville d\u2019Europe le 16 septembre 2026 \u00e0 19h \u00e0 Ermont. Adh\u00e9rents : pensez \u00e0 votre cotisation et \u00e0 votre procuration.\" \/>\n<meta name=\"robots\" content=\"index, follow, max-snippet:-1, max-image-preview:large, max-video-preview:-1\" \/>\n<link rel=\"canonical\" href=\"https:\/\/eve95ermont.com\/index.php\/2026\/09\/03\/assemblee-generale-2026-square-anciens-combatants-anatole-france\/\" \/>\n<meta property=\"og:locale\" content=\"fr_FR\" \/>\n<meta property=\"og:type\" content=\"article\" \/>\n<meta property=\"og:title\" content=\"Assembl\u00e9e G\u00e9n\u00e9rale 2026 \u2013 Ermont Ville d\u2019Europe\" \/>\n<meta property=\"og:description\" content=\"Rendez-vous le mercredi 16 septembre 2026 \u00e0 19h pour l\u2019Assembl\u00e9e G\u00e9n\u00e9rale d\u2019Ermont Ville d\u2019Europe. Adh\u00e9rents, pensez \u00e0 votre cotisation et \u00e0 votre procuration en cas d\u2019absence.\" \/>\n<meta property=\"og:url\" content=\"https:\/\/eve95ermont.com\/index.php\/2026\/09\/03\/assemblee-generale-2026-square-anciens-combatants-anatole-france\/\" \/>\n<meta property=\"og:site_name\" content=\"Ermont Ville d&#039;Europe\" \/>\n<meta property=\"article:published_time\" content=\"2026-09-03T19:33:17+00:00\" \/>\n<meta property=\"article:modified_time\" content=\"2026-09-03T19:34:16+00:00\" \/>\n<meta property=\"og:image\" content=\"http:\/\/eve95ermont.com\/wp-content\/uploads\/2026\/09\/assemblee-generale-2026.png\" \/>\n\t<meta property=\"og:image:width\" content=\"1792\" \/>\n\t<meta property=\"og:image:height\" content=\"1024\" \/>\n\t<meta property=\"og:image:type\" content=\"image\/png\" \/>\n<meta name=\"author\" content=\"Maximilien\" \/>\n<meta name=\"twitter:card\" content=\"summary_large_image\" \/>\n<meta name=\"twitter:label1\" content=\"\u00c9crit par\" \/>\n\t<meta name=\"twitter:data1\" content=\"Maximilien\" \/>\n\t<meta name=\"twitter:label2\" content=\"Dur\u00e9e de lecture estim\u00e9e\" \/>\n\t<meta name=\"twitter:data2\" content=\"1 minute\" \/>\n<script type=\"application\/ld+json\" class=\"yoast-schema-graph\">{\"@context\":\"https:\\\/\\\/schema.org\",\"@graph\":[{\"@type\":\"Article\",\"@id\":\"https:\\\/\\\/eve95ermont.com\\\/index.php\\\/2026\\\/09\\\/03\\\/assemblee-generale-2026-square-anciens-combatants-anatole-france\\\/#article\",\"isPartOf\":{\"@id\":\"https:\\\/\\\/eve95ermont.com\\\/index.php\\\/2026\\\/09\\\/03\\\/assemblee-generale-2026-square-anciens-combatants-anatole-france\\\/\"},\"author\":{\"name\":\"Maximilien\",\"@id\":\"https:\\\/\\\/eve95ermont.com\\\/#\\\/schema\\\/person\\\/e72a6b4373234bdc3e1f79cb4fd86a7f\"},\"headline\":\"Assembl\u00e9e G\u00e9n\u00e9rale 2026 &#8211; 16 Septembre 2026 &#8211; Espace seniors Anatole France\",\"datePublished\":\"2026-09-03T19:33:17+00:00\",\"dateModified\":\"2026-09-03T19:34:16+00:00\",\"mainEntityOfPage\":{\"@id\":\"https:\\\/\\\/eve95ermont.com\\\/index.php\\\/2026\\\/09\\\/03\\\/assemblee-generale-2026-square-anciens-combatants-anatole-france\\\/\"},\"wordCount\":87,\"publisher\":{\"@id\":\"https:\\\/\\\/eve95ermont.com\\\/#organization\"},\"image\":{\"@id\":\"https:\\\/\\\/eve95ermont.com\\\/index.php\\\/2026\\\/09\\\/03\\\/assemblee-generale-2026-square-anciens-combatants-anatole-france\\\/#primaryimage\"},\"thumbnailUrl\":\"https:\\\/\\\/eve95ermont.com\\\/wp-content\\\/uploads\\\/2026\\\/09\\\/assemblee-generale-2026.png\",\"keywords\":[\"Actualit\u00e9\"],\"articleSection\":[\"Blog\",\"Evenement\"],\"inLanguage\":\"fr-FR\"},{\"@type\":\"WebPage\",\"@id\":\"https:\\\/\\\/eve95ermont.com\\\/index.php\\\/2026\\\/09\\\/03\\\/assemblee-generale-2026-square-anciens-combatants-anatole-france\\\/\",\"url\":\"https:\\\/\\\/eve95ermont.com\\\/index.php\\\/2026\\\/09\\\/03\\\/assemblee-generale-2026-square-anciens-combatants-anatole-france\\\/\",\"name\":\"Assembl\u00e9e G\u00e9n\u00e9rale 2026 - 16 Septembre 2026 - Espace seniors Anatole France - Ermont Ville d&#039;Europe\",\"isPartOf\":{\"@id\":\"https:\\\/\\\/eve95ermont.com\\\/#website\"},\"primaryImageOfPage\":{\"@id\":\"https:\\\/\\\/eve95ermont.com\\\/index.php\\\/2026\\\/09\\\/03\\\/assemblee-generale-2026-square-anciens-combatants-anatole-france\\\/#primaryimage\"},\"image\":{\"@id\":\"https:\\\/\\\/eve95ermont.com\\\/index.php\\\/2026\\\/09\\\/03\\\/assemblee-generale-2026-square-anciens-combatants-anatole-france\\\/#primaryimage\"},\"thumbnailUrl\":\"https:\\\/\\\/eve95ermont.com\\\/wp-content\\\/uploads\\\/2026\\\/09\\\/assemblee-generale-2026.png\",\"datePublished\":\"2026-09-03T19:33:17+00:00\",\"dateModified\":\"2026-09-03T19:34:16+00:00\",\"description\":\"Assembl\u00e9e G\u00e9n\u00e9rale d\u2019Ermont Ville d\u2019Europe le 16 septembre 2026 \u00e0 19h \u00e0 Ermont. Adh\u00e9rents : pensez \u00e0 votre cotisation et \u00e0 votre procuration.\",\"breadcrumb\":{\"@id\":\"https:\\\/\\\/eve95ermont.com\\\/index.php\\\/2026\\\/09\\\/03\\\/assemblee-generale-2026-square-anciens-combatants-anatole-france\\\/#breadcrumb\"},\"inLanguage\":\"fr-FR\",\"potentialAction\":[{\"@type\":\"ReadAction\",\"target\":[\"https:\\\/\\\/eve95ermont.com\\\/index.php\\\/2026\\\/09\\\/03\\\/assemblee-generale-2026-square-anciens-combatants-anatole-france\\\/\"]}]},{\"@type\":\"ImageObject\",\"inLanguage\":\"fr-FR\",\"@id\":\"https:\\\/\\\/eve95ermont.com\\\/index.php\\\/2026\\\/09\\\/03\\\/assemblee-generale-2026-square-anciens-combatants-anatole-france\\\/#primaryimage\",\"url\":\"https:\\\/\\\/eve95ermont.com\\\/wp-content\\\/uploads\\\/2026\\\/09\\\/assemblee-generale-2026.png\",\"contentUrl\":\"https:\\\/\\\/eve95ermont.com\\\/wp-content\\\/uploads\\\/2026\\\/09\\\/assemblee-generale-2026.png\",\"width\":1792,\"height\":1024},{\"@type\":\"BreadcrumbList\",\"@id\":\"https:\\\/\\\/eve95ermont.com\\\/index.php\\\/2026\\\/09\\\/03\\\/assemblee-generale-2026-square-anciens-combatants-anatole-france\\\/#breadcrumb\",\"itemListElement\":[{\"@type\":\"ListItem\",\"position\":1,\"name\":\"Accueil\",\"item\":\"https:\\\/\\\/eve95ermont.com\\\/\"},{\"@type\":\"ListItem\",\"position\":2,\"name\":\"Assembl\u00e9e G\u00e9n\u00e9rale 2026 &#8211; 16 Septembre 2026 &#8211; Espace seniors Anatole France\"}]},{\"@type\":\"WebSite\",\"@id\":\"https:\\\/\\\/eve95ermont.com\\\/#website\",\"url\":\"https:\\\/\\\/eve95ermont.com\\\/\",\"name\":\"Ermont Ville d&#039;Europe\",\"description\":\"L&#039;association de jumelage d&#039;Ermont\",\"publisher\":{\"@id\":\"https:\\\/\\\/eve95ermont.com\\\/#organization\"},\"potentialAction\":[{\"@type\":\"SearchAction\",\"target\":{\"@type\":\"EntryPoint\",\"urlTemplate\":\"https:\\\/\\\/eve95ermont.com\\\/?s={search_term_string}\"},\"query-input\":{\"@type\":\"PropertyValueSpecification\",\"valueRequired\":true,\"valueName\":\"search_term_string\"}}],\"inLanguage\":\"fr-FR\"},{\"@type\":\"Organization\",\"@id\":\"https:\\\/\\\/eve95ermont.com\\\/#organization\",\"name\":\"Ermont Ville d&#039;Europe\",\"url\":\"https:\\\/\\\/eve95ermont.com\\\/\",\"logo\":{\"@type\":\"ImageObject\",\"inLanguage\":\"fr-FR\",\"@id\":\"https:\\\/\\\/eve95ermont.com\\\/#\\\/schema\\\/logo\\\/image\\\/\",\"url\":\"https:\\\/\\\/eve95ermont.com\\\/wp-content\\\/uploads\\\/2023\\\/06\\\/cropped-logo-eve-proposition-gris-clair-contour-noir-v2.png\",\"contentUrl\":\"https:\\\/\\\/eve95ermont.com\\\/wp-content\\\/uploads\\\/2023\\\/06\\\/cropped-logo-eve-proposition-gris-clair-contour-noir-v2.png\",\"width\":1157,\"height\":709,\"caption\":\"Ermont Ville d&#039;Europe\"},\"image\":{\"@id\":\"https:\\\/\\\/eve95ermont.com\\\/#\\\/schema\\\/logo\\\/image\\\/\"}},{\"@type\":\"Person\",\"@id\":\"https:\\\/\\\/eve95ermont.com\\\/#\\\/schema\\\/person\\\/e72a6b4373234bdc3e1f79cb4fd86a7f\",\"name\":\"Maximilien\",\"image\":{\"@type\":\"ImageObject\",\"inLanguage\":\"fr-FR\",\"@id\":\"https:\\\/\\\/secure.gravatar.com\\\/avatar\\\/48e0777bd0d7ae02b0a5b6de8f8e6a676f07405de4b16911dc5fa3da85d2dc40?s=96&d=mm&r=g\",\"url\":\"https:\\\/\\\/secure.gravatar.com\\\/avatar\\\/48e0777bd0d7ae02b0a5b6de8f8e6a676f07405de4b16911dc5fa3da85d2dc40?s=96&d=mm&r=g\",\"contentUrl\":\"https:\\\/\\\/secure.gravatar.com\\\/avatar\\\/48e0777bd0d7ae02b0a5b6de8f8e6a676f07405de4b16911dc5fa3da85d2dc40?s=96&d=mm&r=g\",\"caption\":\"Maximilien\"},\"sameAs\":[\"http:\\\/\\\/eve95ermont.com\\\/\"],\"url\":\"https:\\\/\\\/eve95ermont.com\\\/index.php\\\/author\\\/maximilien\\\/\"}]}<\/script>\n<!-- \/ Yoast SEO plugin. -->","yoast_head_json":{"title":"Assembl\u00e9e G\u00e9n\u00e9rale 2026 - 16 Septembre 2026 - Espace seniors Anatole France - Ermont Ville d&#039;Europe","description":"Assembl\u00e9e G\u00e9n\u00e9rale d\u2019Ermont Ville d\u2019Europe le 16 septembre 2026 \u00e0 19h \u00e0 Ermont. Adh\u00e9rents : pensez \u00e0 votre cotisation et \u00e0 votre procuration.","robots":{"index":"index","follow":"follow","max-snippet":"max-snippet:-1","max-image-preview":"max-image-preview:large","max-video-preview":"max-video-preview:-1"},"canonical":"https:\/\/eve95ermont.com\/index.php\/2026\/09\/03\/assemblee-generale-2026-square-anciens-combatants-anatole-france\/","og_locale":"fr_FR","og_type":"article","og_title":"Assembl\u00e9e G\u00e9n\u00e9rale 2026 \u2013 Ermont Ville d\u2019Europe","og_description":"Rendez-vous le mercredi 16 septembre 2026 \u00e0 19h pour l\u2019Assembl\u00e9e G\u00e9n\u00e9rale d\u2019Ermont Ville d\u2019Europe. Adh\u00e9rents, pensez \u00e0 votre cotisation et \u00e0 votre procuration en cas d\u2019absence.","og_url":"https:\/\/eve95ermont.com\/index.php\/2026\/09\/03\/assemblee-generale-2026-square-anciens-combatants-anatole-france\/","og_site_name":"Ermont Ville d&#039;Europe","article_published_time":"2026-09-03T19:33:17+00:00","article_modified_time":"2026-09-03T19:34:16+00:00","og_image":[{"width":1792,"height":1024,"url":"http:\/\/eve95ermont.com\/wp-content\/uploads\/2026\/09\/assemblee-generale-2026.png","type":"image\/png"}],"author":"Maximilien","twitter_card":"summary_large_image","twitter_misc":{"\u00c9crit par":"Maximilien","Dur\u00e9e de lecture estim\u00e9e":"1 minute"},"schema":{"@context":"https:\/\/schema.org","@graph":[{"@type":"Article","@id":"https:\/\/eve95ermont.com\/index.php\/2026\/09\/03\/assemblee-generale-2026-square-anciens-combatants-anatole-france\/#article","isPartOf":{"@id":"https:\/\/eve95ermont.com\/index.php\/2026\/09\/03\/assemblee-generale-2026-square-anciens-combatants-anatole-france\/"},"author":{"name":"Maximilien","@id":"https:\/\/eve95ermont.com\/#\/schema\/person\/e72a6b4373234bdc3e1f79cb4fd86a7f"},"headline":"Assembl\u00e9e G\u00e9n\u00e9rale 2026 &#8211; 16 Septembre 2026 &#8211; Espace seniors Anatole France","datePublished":"2026-09-03T19:33:17+00:00","dateModified":"2026-09-03T19:34:16+00:00","mainEntityOfPage":{"@id":"https:\/\/eve95ermont.com\/index.php\/2026\/09\/03\/assemblee-generale-2026-square-anciens-combatants-anatole-france\/"},"wordCount":87,"publisher":{"@id":"https:\/\/eve95ermont.com\/#organization"},"image":{"@id":"https:\/\/eve95ermont.com\/index.php\/2026\/09\/03\/assemblee-generale-2026-square-anciens-combatants-anatole-france\/#primaryimage"},"thumbnailUrl":"https:\/\/eve95ermont.com\/wp-content\/uploads\/2026\/09\/assemblee-generale-2026.png","keywords":["Actualit\u00e9"],"articleSection":["Blog","Evenement"],"inLanguage":"fr-FR"},{"@type":"WebPage","@id":"https:\/\/eve95ermont.com\/index.php\/2026\/09\/03\/assemblee-generale-2026-square-anciens-combatants-anatole-france\/","url":"https:\/\/eve95ermont.com\/index.php\/2026\/09\/03\/assemblee-generale-2026-square-anciens-combatants-anatole-france\/","name":"Assembl\u00e9e G\u00e9n\u00e9rale 2026 - 16 Septembre 2026 - Espace seniors Anatole France - Ermont Ville d&#039;Europe","isPartOf":{"@id":"https:\/\/eve95ermont.com\/#website"},"primaryImageOfPage":{"@id":"https:\/\/eve95ermont.com\/index.php\/2026\/09\/03\/assemblee-generale-2026-square-anciens-combatants-anatole-france\/#primaryimage"},"image":{"@id":"https:\/\/eve95ermont.com\/index.php\/2026\/09\/03\/assemblee-generale-2026-square-anciens-combatants-anatole-france\/#primaryimage"},"thumbnailUrl":"https:\/\/eve95ermont.com\/wp-content\/uploads\/2026\/09\/assemblee-generale-2026.png","datePublished":"2026-09-03T19:33:17+00:00","dateModified":"2026-09-03T19:34:16+00:00","description":"Assembl\u00e9e G\u00e9n\u00e9rale d\u2019Ermont Ville d\u2019Europe le 16 septembre 2026 \u00e0 19h \u00e0 Ermont. Adh\u00e9rents : pensez \u00e0 votre cotisation et \u00e0 votre procuration.","breadcrumb":{"@id":"https:\/\/eve95ermont.com\/index.php\/2026\/09\/03\/assemblee-generale-2026-square-anciens-combatants-anatole-france\/#breadcrumb"},"inLanguage":"fr-FR","potentialAction":[{"@type":"ReadAction","target":["https:\/\/eve95ermont.com\/index.php\/2026\/09\/03\/assemblee-generale-2026-square-anciens-combatants-anatole-france\/"]}]},{"@type":"ImageObject","inLanguage":"fr-FR","@id":"https:\/\/eve95ermont.com\/index.php\/2026\/09\/03\/assemblee-generale-2026-square-anciens-combatants-anatole-france\/#primaryimage","url":"https:\/\/eve95ermont.com\/wp-content\/uploads\/2026\/09\/assemblee-generale-2026.png","contentUrl":"https:\/\/eve95ermont.com\/wp-content\/uploads\/2026\/09\/assemblee-generale-2026.png","width":1792,"height":1024},{"@type":"BreadcrumbList","@id":"https:\/\/eve95ermont.com\/index.php\/2026\/09\/03\/assemblee-generale-2026-square-anciens-combatants-anatole-france\/#breadcrumb","itemListElement":[{"@type":"ListItem","position":1,"name":"Accueil","item":"https:\/\/eve95ermont.com\/"},{"@type":"ListItem","position":2,"name":"Assembl\u00e9e G\u00e9n\u00e9rale 2026 &#8211; 16 Septembre 2026 &#8211; Espace seniors Anatole France"}]},{"@type":"WebSite","@id":"https:\/\/eve95ermont.com\/#website","url":"https:\/\/eve95ermont.com\/","name":"Ermont Ville d&#039;Europe","description":"L&#039;association de jumelage d&#039;Ermont","publisher":{"@id":"https:\/\/eve95ermont.com\/#organization"},"potentialAction":[{"@type":"SearchAction","target":{"@type":"EntryPoint","urlTemplate":"https:\/\/eve95ermont.com\/?s={search_term_string}"},"query-input":{"@type":"PropertyValueSpecification","valueRequired":true,"valueName":"search_term_string"}}],"inLanguage":"fr-FR"},{"@type":"Organization","@id":"https:\/\/eve95ermont.com\/#organization","name":"Ermont Ville d&#039;Europe","url":"https:\/\/eve95ermont.com\/","logo":{"@type":"ImageObject","inLanguage":"fr-FR","@id":"https:\/\/eve95ermont.com\/#\/schema\/logo\/image\/","url":"https:\/\/eve95ermont.com\/wp-content\/uploads\/2023\/06\/cropped-logo-eve-proposition-gris-clair-contour-noir-v2.png","contentUrl":"https:\/\/eve95ermont.com\/wp-content\/uploads\/2023\/06\/cropped-logo-eve-proposition-gris-clair-contour-noir-v2.png","width":1157,"height":709,"caption":"Ermont Ville d&#039;Europe"},"image":{"@id":"https:\/\/eve95ermont.com\/#\/schema\/logo\/image\/"}},{"@type":"Person","@id":"https:\/\/eve95ermont.com\/#\/schema\/person\/e72a6b4373234bdc3e1f79cb4fd86a7f","name":"Maximilien","image":{"@type":"ImageObject","inLanguage":"fr-FR","@id":"https:\/\/secure.gravatar.com\/avatar\/48e0777bd0d7ae02b0a5b6de8f8e6a676f07405de4b16911dc5fa3da85d2dc40?s=96&d=mm&r=g","url":"https:\/\/secure.gravatar.com\/avatar\/48e0777bd0d7ae02b0a5b6de8f8e6a676f07405de4b16911dc5fa3da85d2dc40?s=96&d=mm&r=g","contentUrl":"https:\/\/secure.gravatar.com\/avatar\/48e0777bd0d7ae02b0a5b6de8f8e6a676f07405de4b16911dc5fa3da85d2dc40?s=96&d=mm&r=g","caption":"Maximilien"},"sameAs":["http:\/\/eve95ermont.com\/"],"url":"https:\/\/eve95ermont.com\/index.php\/author\/maximilien\/"}]}},"_links":{"self":[{"href":"https:\/\/eve95ermont.com\/index.php\/wp-json\/wp\/v2\/posts\/1630","targetHints":{"allow":["GET"]}}],"collection":[{"href":"https:\/\/eve95ermont.com\/index.php\/wp-json\/wp\/v2\/posts"}],"about":[{"href":"https:\/\/eve95ermont.com\/index.php\/wp-json\/wp\/v2\/types\/post"}],"author":[{"embeddable":true,"href":"https:\/\/eve95ermont.com\/index.php\/wp-json\/wp\/v2\/users\/2"}],"replies":[{"embeddable":true,"href":"https:\/\/eve95ermont.com\/index.php\/wp-json\/wp\/v2\/comments?post=1630"}],"version-history":[{"count":1,"href":"https:\/\/eve95ermont.com\/index.php\/wp-json\/wp\/v2\/posts\/1630\/revisions"}],"predecessor-version":[{"id":1632,"href":"https:\/\/eve95ermont.com\/index.php\/wp-json\/wp\/v2\/posts\/1630\/revisions\/1632"}],"wp:featuredmedia":[{"embeddable":true,"href":"https:\/\/eve95ermont.com\/index.php\/wp-json\/wp\/v2\/media\/1631"}],"wp:attachment":[{"href":"https:\/\/eve95ermont.com\/index.php\/wp-json\/wp\/v2\/media?parent=1630"}],"wp:term":[{"taxonomy":"category","embeddable":true,"href":"https:\/\/eve95ermont.com\/index.php\/wp-json\/wp\/v2\/categories?post=1630"},{"taxonomy":"post_tag","embeddable":true,"href":"https:\/\/eve95ermont.com\/index.php\/wp-json\/wp\/v2\/tags?post=1630"}],"curies":[{"name":"wp","href":"https:\/\/api.w.org\/{rel}","templated":true}]}}