{"id":1591,"date":"2026-09-02T06:43:57","date_gmt":"2026-09-02T04:43:57","guid":{"rendered":"https:\/\/eve95ermont.com\/?p=1591"},"modified":"2026-09-02T06:46:39","modified_gmt":"2026-09-02T04:46:39","slug":"ermont-ville-europe-swidnica-voyage-jumelage-2026","status":"publish","type":"post","link":"https:\/\/eve95ermont.com\/index.php\/2026\/09\/02\/ermont-ville-europe-swidnica-voyage-jumelage-2026\/","title":{"rendered":"Ermont Ville d\u2019Europe \u00e0 \u015awidnica (Ao\u00fbt 2026) : un voyage riche en rencontres\u2026 et en p\u00e9rip\u00e9ties !"},"content":{"rendered":"\n<h1 class=\"wp-block-heading\">Ermont Ville d\u2019Europe \u00e0 \u015awidnica (Ao\u00fbt 2026) : un voyage riche en rencontres\u2026 et en p\u00e9rip\u00e9ties !<\/h1>\n\n\n\n<p class=\"wp-block-paragraph\">Du <strong>27 au 30 ao\u00fbt 2026<\/strong>, une d\u00e9l\u00e9gation d\u2019<strong>Ermont Ville d\u2019Europe<\/strong> s\u2019est rendue en Pologne, dans la <strong>Gmina \u015awidnica<\/strong>, \u00e0 l\u2019occasion de la traditionnelle f\u00eate des moissons (<em>Do\u017cynki<\/em>).<\/p>\n\n\n\n<p class=\"wp-block-paragraph\">Au programme : rencontres europ\u00e9ennes, d\u00e9couverte de la Basse-Sil\u00e9sie, gastronomie, traditions, signature d\u2019un nouvel accord de partenariat\u2026 mais aussi quelques aventures a\u00e9riennes qui ont d\u00e9cid\u00e9 de pimenter le voyage !<\/p>\n\n\n\n<h2 class=\"wp-block-heading\"><strong>27 ao\u00fbt \u2013 Direction la Pologne\u2026 enfin, presque pour tout le monde !<\/strong><\/h2>\n\n\n\n<p class=\"wp-block-paragraph\">Le jeudi 27 ao\u00fbt, <strong>Ariane, Marc et Nadette<\/strong> prennent la direction de l\u2019a\u00e9roport de Beauvais pour embarquer sur le vol de 21h55 \u00e0 destination de Wroc\u0142aw.<\/p>\n\n\n\n<p class=\"wp-block-paragraph\">Le voyage commence d\u00e9j\u00e0 sous le signe de l\u2019impr\u00e9vu : l\u2019avion accuse environ une heure de retard et reste au sol. Malgr\u00e9 tout, nos trois voyageurs finissent par d\u00e9coller et arrivent \u00e0 <strong>Wroc\u0142aw vers 0h30<\/strong> (1h de retard), avant de rejoindre <strong>\u015awidnica aux alentours de 1h30 du matin<\/strong>. Autant dire que la premi\u00e8re d\u00e9couverte de la Basse-Sil\u00e9sie s\u2019est faite essentiellement\u2026 de nuit !<\/p>\n\n\n\n<p class=\"wp-block-paragraph\"><strong>Miros\u0142awa<\/strong>, d\u00e9j\u00e0 pr\u00e9sente en Pologne, avait \u00e9t\u00e9 beaucoup plus pr\u00e9voyante et avait rejoint les lieux vers 17h.<\/p>\n\n\n\n<p class=\"wp-block-paragraph\">Quant \u00e0 <strong>Maximilien<\/strong>, son trajet devait \u00eatre l\u00e9g\u00e8rement plus compliqu\u00e9. En raison de la temp\u00eate et des perturbations rencontr\u00e9es sur son trajet vers Beauvais, il manque son vol et doit reporter son d\u00e9part au lendemain \u00e0 16h. La d\u00e9l\u00e9gation d\u2019Ermont commence donc son s\u00e9jour avec un membre en moins\u2026 mais heureusement, seulement provisoirement !<\/p>\n\n\n\n<p class=\"wp-block-paragraph\">Nos amis espagnols de <strong>Loja<\/strong>, eux, \u00e9taient d\u00e9j\u00e0 pr\u00e9sents depuis le 26 ao\u00fbt.<\/p>\n\n\n\n<p class=\"wp-block-paragraph\">Tout ce petit monde est h\u00e9berg\u00e9 \u00e0 <strong>Lubach\u00f3w<\/strong>, dans une ancienne \u00e9cole primaire reconvertie en auberge de jeunesse. Une belle mani\u00e8re de donner une seconde vie \u00e0 l\u2019\u00e9cole\u2026 m\u00eame si, pour quelques jours, ses occupants ont parfois retrouv\u00e9 l\u2019ambiance d\u2019une joyeuse classe en voyage scolaire !<\/p>\n\n\n\n<figure class=\"wp-block-image size-large\"><img loading=\"lazy\" decoding=\"async\" width=\"1024\" height=\"768\" src=\"https:\/\/eve95ermont.com\/wp-content\/uploads\/2026\/09\/1000244024-1024x768.jpg\" alt=\"\" class=\"wp-image-1624\" srcset=\"https:\/\/eve95ermont.com\/wp-content\/uploads\/2026\/09\/1000244024-1024x768.jpg 1024w, https:\/\/eve95ermont.com\/wp-content\/uploads\/2026\/09\/1000244024-300x225.jpg 300w, https:\/\/eve95ermont.com\/wp-content\/uploads\/2026\/09\/1000244024-1536x1152.jpg 1536w, https:\/\/eve95ermont.com\/wp-content\/uploads\/2026\/09\/1000244024-768x576.jpg 768w, https:\/\/eve95ermont.com\/wp-content\/uploads\/2026\/09\/1000244024-2048x1536.jpg 2048w\" sizes=\"auto, (max-width: 1024px) 100vw, 1024px\" \/><\/figure>\n\n\n\n<h2 class=\"wp-block-heading\"><strong>28 ao\u00fbt \u2013 De l\u2019Histoire \u00e0 la convivialit\u00e9 europ\u00e9enne<\/strong><\/h2>\n\n\n\n<p class=\"wp-block-paragraph\">La journ\u00e9e du vendredi commence par une visite du <strong>projet Riese<\/strong>, immense ensemble de complexes souterrains entrepris par le Troisi\u00e8me Reich pendant la Seconde Guerre mondiale dans les montagnes de Basse-Sil\u00e9sie.<\/p>\n\n\n\n<p class=\"wp-block-paragraph\">Cette visite, particuli\u00e8rement marquante, nous a permis de prendre conscience de l\u2019ampleur des travaux r\u00e9alis\u00e9s et surtout des terribles conditions impos\u00e9es aux travailleurs forc\u00e9s et aux prisonniers de diff\u00e9rentes nationalit\u00e9s \u2013 notamment Polonais, Sovi\u00e9tiques, Italiens et ressortissants d\u2019autres pays europ\u00e9ens \u2013 mobilis\u00e9s pour la construction de ces installations.<\/p>\n\n\n\n<p class=\"wp-block-paragraph\">Un moment important de m\u00e9moire, rappelant une page particuli\u00e8rement sombre de l\u2019histoire europ\u00e9enne.<\/p>\n\n\n\n<p class=\"wp-block-paragraph\">Apr\u00e8s cette visite charg\u00e9e en \u00e9motions, un arr\u00eat pr\u00e8s d\u2019une piste de ski, dans un bar local, nous permet de retrouver une ambiance un peu plus l\u00e9g\u00e8re avant de poursuivre la journ\u00e9e.<\/p>\n\n\n\n<p class=\"wp-block-paragraph\">L\u2019apr\u00e8s-midi est ensuite consacr\u00e9 \u00e0 une <strong>session de cuisine collective men\u00e9e par nos amis belges<\/strong>. Chacun met la main \u00e0 la p\u00e2te afin de pr\u00e9parer plusieurs sp\u00e9cialit\u00e9s r\u00e9gionales destin\u00e9es \u00e0 \u00eatre propos\u00e9es lors de la f\u00eate des moissons.<\/p>\n\n\n\n<p class=\"wp-block-paragraph\">Puis retour \u00e0 Lubach\u00f3w, o\u00f9 la soir\u00e9e commence \u00e0 s\u2019organiser autour d\u2019un <strong>feu de camp<\/strong>.<\/p>\n\n\n\n<p class=\"wp-block-paragraph\">Et c\u2019est \u00e0 ce moment-l\u00e0 que notre voyageur retardataire fait enfin son apparition : <strong>Maximilien rejoint le groupe vers 18h<\/strong>, apr\u00e8s son d\u00e9part de Beauvais dans l\u2019apr\u00e8s-midi.<\/p>\n\n\n\n<p class=\"wp-block-paragraph\">Son arriv\u00e9e tombe plut\u00f4t bien : \u00e9tant le seul membre de la d\u00e9l\u00e9gation pouvant assurer directement l\u2019interpr\u00e9tation <strong>fran\u00e7ais-polonais et polonais-fran\u00e7ais<\/strong>, la partie officielle de la soir\u00e9e peut commencer !<\/p>\n\n\n\n<p class=\"wp-block-paragraph\"><strong>Un nouveau partenariat franco-polonais<\/strong><\/p>\n\n\n\n<p class=\"wp-block-paragraph\">La soir\u00e9e du 28 ao\u00fbt marque en effet une \u00e9tape importante de notre s\u00e9jour avec la <strong>pr\u00e9sentation puis la signature solennelle d\u2019un accord de partenariat entre Ermont Ville d\u2019Europe et l\u2019association de la Gmina \u015awidnica<\/strong>.<\/p>\n\n\n\n<p class=\"wp-block-paragraph\">Avant la signature, nos partenaires polonais nous pr\u00e9sentent la richesse et la diversit\u00e9 culturelle de la <strong>Basse-Sil\u00e9sie<\/strong>, l\u2019histoire de <strong>\u015awidnica<\/strong>, ainsi que leur association, les membres de son bureau et les diff\u00e9rents projets qu\u2019elle porte.<\/p>\n\n\n\n<p class=\"wp-block-paragraph\">Les repr\u00e9sentants de l\u2019association remercient \u00e9galement chaleureusement les diff\u00e9rentes d\u00e9l\u00e9gations europ\u00e9ennes pr\u00e9sentes : <strong>Ermont pour la France, Loja pour l\u2019Espagne et Maldegem pour la Belgique<\/strong>.<\/p>\n\n\n\n<p class=\"wp-block-paragraph\">Vient ensuite le moment attendu : <strong>la signature officielle de l\u2019accord<\/strong>, suivie bien entendu de la traditionnelle photo de groupe. Car en mati\u00e8re de coop\u00e9ration europ\u00e9enne, les signatures sont indispensables\u2026 mais les photos le sont presque autant !<\/p>\n\n\n\n<figure class=\"wp-block-gallery has-nested-images columns-default is-cropped wp-block-gallery-1 is-layout-flex wp-block-gallery-is-layout-flex\">\n<figure class=\"wp-block-image size-large\"><img loading=\"lazy\" decoding=\"async\" width=\"1024\" height=\"683\" data-id=\"1598\" src=\"https:\/\/eve95ermont.com\/wp-content\/uploads\/2026\/09\/UMOWA_ERMONT_STOW.GMIN001-1024x683.jpg\" alt=\"\" class=\"wp-image-1598\" srcset=\"https:\/\/eve95ermont.com\/wp-content\/uploads\/2026\/09\/UMOWA_ERMONT_STOW.GMIN001-1024x683.jpg 1024w, https:\/\/eve95ermont.com\/wp-content\/uploads\/2026\/09\/UMOWA_ERMONT_STOW.GMIN001-300x200.jpg 300w, https:\/\/eve95ermont.com\/wp-content\/uploads\/2026\/09\/UMOWA_ERMONT_STOW.GMIN001-768x512.jpg 768w, https:\/\/eve95ermont.com\/wp-content\/uploads\/2026\/09\/UMOWA_ERMONT_STOW.GMIN001.jpg 1200w\" sizes=\"auto, (max-width: 1024px) 100vw, 1024px\" \/><\/figure>\n\n\n\n<figure class=\"wp-block-image size-large\"><img loading=\"lazy\" decoding=\"async\" width=\"1024\" height=\"683\" data-id=\"1599\" src=\"https:\/\/eve95ermont.com\/wp-content\/uploads\/2026\/09\/UMOWA_ERMONT_STOW.GMIN003-1024x683.jpg\" alt=\"\" class=\"wp-image-1599\" srcset=\"https:\/\/eve95ermont.com\/wp-content\/uploads\/2026\/09\/UMOWA_ERMONT_STOW.GMIN003-1024x683.jpg 1024w, https:\/\/eve95ermont.com\/wp-content\/uploads\/2026\/09\/UMOWA_ERMONT_STOW.GMIN003-300x200.jpg 300w, https:\/\/eve95ermont.com\/wp-content\/uploads\/2026\/09\/UMOWA_ERMONT_STOW.GMIN003-768x512.jpg 768w, https:\/\/eve95ermont.com\/wp-content\/uploads\/2026\/09\/UMOWA_ERMONT_STOW.GMIN003.jpg 1200w\" sizes=\"auto, (max-width: 1024px) 100vw, 1024px\" \/><\/figure>\n\n\n\n<figure class=\"wp-block-image size-large\"><img loading=\"lazy\" decoding=\"async\" width=\"1024\" height=\"683\" data-id=\"1600\" src=\"https:\/\/eve95ermont.com\/wp-content\/uploads\/2026\/09\/UMOWA_ERMONT_STOW.GMIN026-1024x683.jpg\" alt=\"\" class=\"wp-image-1600\" srcset=\"https:\/\/eve95ermont.com\/wp-content\/uploads\/2026\/09\/UMOWA_ERMONT_STOW.GMIN026-1024x683.jpg 1024w, https:\/\/eve95ermont.com\/wp-content\/uploads\/2026\/09\/UMOWA_ERMONT_STOW.GMIN026-300x200.jpg 300w, https:\/\/eve95ermont.com\/wp-content\/uploads\/2026\/09\/UMOWA_ERMONT_STOW.GMIN026-768x512.jpg 768w, https:\/\/eve95ermont.com\/wp-content\/uploads\/2026\/09\/UMOWA_ERMONT_STOW.GMIN026.jpg 1200w\" sizes=\"auto, (max-width: 1024px) 100vw, 1024px\" \/><\/figure>\n\n\n\n<figure class=\"wp-block-image size-large\"><img loading=\"lazy\" decoding=\"async\" width=\"1024\" height=\"683\" data-id=\"1601\" src=\"https:\/\/eve95ermont.com\/wp-content\/uploads\/2026\/09\/UMOWA_ERMONT_STOW.GMIN067-1024x683.jpg\" alt=\"\" class=\"wp-image-1601\" srcset=\"https:\/\/eve95ermont.com\/wp-content\/uploads\/2026\/09\/UMOWA_ERMONT_STOW.GMIN067-1024x683.jpg 1024w, https:\/\/eve95ermont.com\/wp-content\/uploads\/2026\/09\/UMOWA_ERMONT_STOW.GMIN067-300x200.jpg 300w, https:\/\/eve95ermont.com\/wp-content\/uploads\/2026\/09\/UMOWA_ERMONT_STOW.GMIN067-768x512.jpg 768w, https:\/\/eve95ermont.com\/wp-content\/uploads\/2026\/09\/UMOWA_ERMONT_STOW.GMIN067.jpg 1200w\" sizes=\"auto, (max-width: 1024px) 100vw, 1024px\" \/><\/figure>\n\n\n\n<figure class=\"wp-block-image size-large\"><img loading=\"lazy\" decoding=\"async\" width=\"1024\" height=\"683\" data-id=\"1602\" src=\"https:\/\/eve95ermont.com\/wp-content\/uploads\/2026\/09\/UMOWA_ERMONT_STOW.GMIN117-1024x683.jpg\" alt=\"\" class=\"wp-image-1602\" srcset=\"https:\/\/eve95ermont.com\/wp-content\/uploads\/2026\/09\/UMOWA_ERMONT_STOW.GMIN117-1024x683.jpg 1024w, https:\/\/eve95ermont.com\/wp-content\/uploads\/2026\/09\/UMOWA_ERMONT_STOW.GMIN117-300x200.jpg 300w, https:\/\/eve95ermont.com\/wp-content\/uploads\/2026\/09\/UMOWA_ERMONT_STOW.GMIN117-768x512.jpg 768w, https:\/\/eve95ermont.com\/wp-content\/uploads\/2026\/09\/UMOWA_ERMONT_STOW.GMIN117.jpg 1200w\" sizes=\"auto, (max-width: 1024px) 100vw, 1024px\" \/><\/figure>\n<\/figure>\n\n\n\n<p class=\"wp-block-paragraph\">Vers 19h30, les discours et stylos peuvent enfin laisser leur place \u00e0 une activit\u00e9 tout aussi internationale : le retour autour du feu de camp !<\/p>\n\n\n\n<p class=\"wp-block-paragraph\">La soir\u00e9e se poursuit ainsi dans une ambiance chaleureuse, propice aux discussions et aux \u00e9changes entre les diff\u00e9rentes d\u00e9l\u00e9gations.<\/p>\n\n\n\n<figure class=\"wp-block-gallery has-nested-images columns-default is-cropped wp-block-gallery-2 is-layout-flex wp-block-gallery-is-layout-flex\">\n<figure class=\"wp-block-image size-large\"><img loading=\"lazy\" decoding=\"async\" width=\"768\" height=\"1024\" data-id=\"1612\" src=\"https:\/\/eve95ermont.com\/wp-content\/uploads\/2026\/09\/WhatsApp-Image-2026-08-28-at-10.49.06-768x1024-1.jpeg\" alt=\"\" class=\"wp-image-1612\" srcset=\"https:\/\/eve95ermont.com\/wp-content\/uploads\/2026\/09\/WhatsApp-Image-2026-08-28-at-10.49.06-768x1024-1.jpeg 768w, https:\/\/eve95ermont.com\/wp-content\/uploads\/2026\/09\/WhatsApp-Image-2026-08-28-at-10.49.06-225x300.jpeg 225w, https:\/\/eve95ermont.com\/wp-content\/uploads\/2026\/09\/WhatsApp-Image-2026-08-28-at-10.49.06-1152x1536.jpeg 1152w, https:\/\/eve95ermont.com\/wp-content\/uploads\/2026\/09\/WhatsApp-Image-2026-08-28-at-10.49.06.jpeg 1200w\" sizes=\"auto, (max-width: 768px) 100vw, 768px\" \/><\/figure>\n\n\n\n<figure class=\"wp-block-image size-large\"><img loading=\"lazy\" decoding=\"async\" width=\"1024\" height=\"576\" data-id=\"1594\" src=\"https:\/\/eve95ermont.com\/wp-content\/uploads\/2026\/09\/1000244015-1024x576.jpg\" alt=\"\" class=\"wp-image-1594\" srcset=\"https:\/\/eve95ermont.com\/wp-content\/uploads\/2026\/09\/1000244015-1024x576.jpg 1024w, https:\/\/eve95ermont.com\/wp-content\/uploads\/2026\/09\/1000244015-300x169.jpg 300w, https:\/\/eve95ermont.com\/wp-content\/uploads\/2026\/09\/1000244015-768x432.jpg 768w, https:\/\/eve95ermont.com\/wp-content\/uploads\/2026\/09\/1000244015-1536x864.jpg 1536w, https:\/\/eve95ermont.com\/wp-content\/uploads\/2026\/09\/1000244015-2048x1152.jpg 2048w\" sizes=\"auto, (max-width: 1024px) 100vw, 1024px\" \/><\/figure>\n\n\n\n<figure class=\"wp-block-image size-large\"><img loading=\"lazy\" decoding=\"async\" width=\"1024\" height=\"768\" data-id=\"1593\" src=\"https:\/\/eve95ermont.com\/wp-content\/uploads\/2026\/09\/1000243632-1024x768.jpg\" alt=\"\" class=\"wp-image-1593\" srcset=\"https:\/\/eve95ermont.com\/wp-content\/uploads\/2026\/09\/1000243632-1024x768.jpg 1024w, https:\/\/eve95ermont.com\/wp-content\/uploads\/2026\/09\/1000243632-300x225.jpg 300w, https:\/\/eve95ermont.com\/wp-content\/uploads\/2026\/09\/1000243632-768x576.jpg 768w, https:\/\/eve95ermont.com\/wp-content\/uploads\/2026\/09\/1000243632-1536x1152.jpg 1536w, https:\/\/eve95ermont.com\/wp-content\/uploads\/2026\/09\/1000243632.jpg 1600w\" sizes=\"auto, (max-width: 1024px) 100vw, 1024px\" \/><\/figure>\n\n\n\n<figure class=\"wp-block-image size-full\"><img loading=\"lazy\" decoding=\"async\" width=\"444\" height=\"798\" data-id=\"1595\" src=\"https:\/\/eve95ermont.com\/wp-content\/uploads\/2026\/09\/macarena-ariane.png\" alt=\"\" class=\"wp-image-1595\" srcset=\"https:\/\/eve95ermont.com\/wp-content\/uploads\/2026\/09\/macarena-ariane.png 444w, https:\/\/eve95ermont.com\/wp-content\/uploads\/2026\/09\/macarena-ariane-167x300.png 167w\" sizes=\"auto, (max-width: 444px) 100vw, 444px\" \/><\/figure>\n\n\n\n<figure class=\"wp-block-image size-large\"><img loading=\"lazy\" decoding=\"async\" width=\"573\" height=\"1024\" data-id=\"1597\" src=\"https:\/\/eve95ermont.com\/wp-content\/uploads\/2026\/09\/feu-de-camp-573x1024.png\" alt=\"\" class=\"wp-image-1597\" srcset=\"https:\/\/eve95ermont.com\/wp-content\/uploads\/2026\/09\/feu-de-camp-573x1024.png 573w, https:\/\/eve95ermont.com\/wp-content\/uploads\/2026\/09\/feu-de-camp-168x300.png 168w, https:\/\/eve95ermont.com\/wp-content\/uploads\/2026\/09\/feu-de-camp.png 575w\" sizes=\"auto, (max-width: 573px) 100vw, 573px\" \/><\/figure>\n<\/figure>\n\n\n\n<h2 class=\"wp-block-heading\"><strong>29 ao\u00fbt \u2013 Place aux Do\u017cynki !<\/strong><\/h2>\n\n\n\n<p class=\"wp-block-paragraph\">Apr\u00e8s un petit-d\u00e9jeuner pris ensemble vers 10h, la d\u00e9l\u00e9gation d\u2019Ermont profite de la matin\u00e9e pour partir \u00e0 la d\u00e9couverte de <strong>\u015awidnica<\/strong>, avant de revenir vers 11h30.<\/p>\n\n\n\n<figure class=\"wp-block-gallery has-nested-images columns-default is-cropped wp-block-gallery-3 is-layout-flex wp-block-gallery-is-layout-flex\">\n<figure class=\"wp-block-image size-large\"><img loading=\"lazy\" decoding=\"async\" width=\"1024\" height=\"768\" data-id=\"1609\" src=\"https:\/\/eve95ermont.com\/wp-content\/uploads\/2026\/09\/1000243729-1024x768.jpg\" alt=\"\" class=\"wp-image-1609\" srcset=\"https:\/\/eve95ermont.com\/wp-content\/uploads\/2026\/09\/1000243729-1024x768.jpg 1024w, https:\/\/eve95ermont.com\/wp-content\/uploads\/2026\/09\/1000243729-768x576.jpg 768w, https:\/\/eve95ermont.com\/wp-content\/uploads\/2026\/09\/1000243729-300x225.jpg 300w, https:\/\/eve95ermont.com\/wp-content\/uploads\/2026\/09\/1000243729-2048x1536.jpg 2048w, https:\/\/eve95ermont.com\/wp-content\/uploads\/2026\/09\/1000243729-1536x1152.jpg 1536w\" sizes=\"auto, (max-width: 1024px) 100vw, 1024px\" \/><\/figure>\n\n\n\n<figure class=\"wp-block-image size-large\"><img loading=\"lazy\" decoding=\"async\" width=\"768\" height=\"1024\" data-id=\"1610\" src=\"https:\/\/eve95ermont.com\/wp-content\/uploads\/2026\/09\/1000243738-768x1024-1.jpg\" alt=\"\" class=\"wp-image-1610\" srcset=\"https:\/\/eve95ermont.com\/wp-content\/uploads\/2026\/09\/1000243738-768x1024-1.jpg 768w, https:\/\/eve95ermont.com\/wp-content\/uploads\/2026\/09\/1000243738-225x300-1.jpg 225w, https:\/\/eve95ermont.com\/wp-content\/uploads\/2026\/09\/1000243738-432x576-1.jpg 432w, https:\/\/eve95ermont.com\/wp-content\/uploads\/2026\/09\/1000243738-1152x1536-1.jpg 1152w, https:\/\/eve95ermont.com\/wp-content\/uploads\/2026\/09\/1000243738-1536x2048-1.jpg 1536w, https:\/\/eve95ermont.com\/wp-content\/uploads\/2026\/09\/1000243738-scaled-1.jpg 1920w\" sizes=\"auto, (max-width: 768px) 100vw, 768px\" \/><\/figure>\n\n\n\n<figure class=\"wp-block-image size-large\"><img loading=\"lazy\" decoding=\"async\" width=\"1024\" height=\"768\" data-id=\"1611\" src=\"https:\/\/eve95ermont.com\/wp-content\/uploads\/2026\/09\/swidnica-1024x768.jpeg\" alt=\"\" class=\"wp-image-1611\" srcset=\"https:\/\/eve95ermont.com\/wp-content\/uploads\/2026\/09\/swidnica-1024x768.jpeg 1024w, https:\/\/eve95ermont.com\/wp-content\/uploads\/2026\/09\/swidnica-768x576.jpeg 768w, https:\/\/eve95ermont.com\/wp-content\/uploads\/2026\/09\/swidnica-300x225.jpeg 300w, https:\/\/eve95ermont.com\/wp-content\/uploads\/2026\/09\/swidnica-1536x1152.jpeg 1536w, https:\/\/eve95ermont.com\/wp-content\/uploads\/2026\/09\/swidnica.jpeg 1600w\" sizes=\"auto, (max-width: 1024px) 100vw, 1024px\" \/><\/figure>\n<\/figure>\n\n\n\n<p class=\"wp-block-paragraph\">\u00c0 11h45, l\u2019association de \u015awidnica organise le transport de toutes les d\u00e9l\u00e9gations \u00e9trang\u00e8res vers le village de <strong>Wilk\u00f3w<\/strong>, o\u00f9 se d\u00e9roule la grande <strong>f\u00eate des moissons \u2013 les Do\u017cynki<\/strong>.<\/p>\n\n\n\n<p class=\"wp-block-paragraph\">Cette f\u00eate traditionnelle constitue l\u2019un des grands rendez-vous annuels de la vie rurale polonaise. Elle c\u00e9l\u00e8bre la fin des r\u00e9coltes et permet de remercier les agriculteurs pour leur travail tout au long de l\u2019ann\u00e9e.<\/p>\n\n\n\n<p class=\"wp-block-paragraph\">La journ\u00e9e se d\u00e9roule en plusieurs grandes \u00e9tapes :<\/p>\n\n\n\n<ul class=\"wp-block-list\">\n<li><strong>12h00 :<\/strong> c\u00e9r\u00e9monie de remerciement aux agriculteurs pour leur travail ;<\/li>\n\n\n\n<li><strong>12h30 :<\/strong> cort\u00e8ge pr\u00e9sentant les magnifiques compositions r\u00e9alis\u00e9es \u00e0 partir de c\u00e9r\u00e9ales, de v\u00e9g\u00e9taux et de produits agricoles par les diff\u00e9rents villages de la Gmina \u015awidnica ;<\/li>\n\n\n\n<li><strong>13h00 :<\/strong> messe et b\u00e9n\u00e9diction des r\u00e9coltes ;<\/li>\n\n\n\n<li><strong>\u00e0 partir de 14h00 :<\/strong> animations, concerts, danses folkloriques, d\u00e9couverte et vente de produits locaux\u2026 jusqu\u2019\u00e0 minuit pour les plus courageux !<\/li>\n<\/ul>\n\n\n\n<p class=\"wp-block-paragraph\">Et lorsqu\u2019on parle de sp\u00e9cialit\u00e9s locales, les habitants de la Gmina ne font pas les choses \u00e0 moiti\u00e9.<\/p>\n\n\n\n<p class=\"wp-block-paragraph\">Une <strong>trentaine de stands<\/strong>, repr\u00e9sentant les diff\u00e9rents villages, proposent leurs sp\u00e9cialit\u00e9s et produits r\u00e9gionaux. Chaque village tient \u00e0 faire d\u00e9couvrir sa cuisine aux d\u00e9l\u00e9gations \u00e9trang\u00e8res.<\/p>\n\n\n\n<p class=\"wp-block-paragraph\">Nous pouvons donc officiellement confirmer qu\u2019<strong>aucuns membres des diff\u00e9rentes d\u00e9l\u00e9gations n\u2019a souffert de la faim pendant les Do\u017cynki<\/strong>. Bien au contraire ! Avec une trentaine de stands \u00e0 d\u00e9couvrir, il aurait m\u00eame fallu plusieurs estomacs suppl\u00e9mentaires pour pouvoir honorer correctement toutes les sp\u00e9cialit\u00e9s propos\u00e9es.<\/p>\n\n\n\n<p class=\"wp-block-paragraph\">Apr\u00e8s une journ\u00e9e particuli\u00e8rement festive et conviviale, notre d\u00e9l\u00e9gation regagne l\u2019auberge vers <strong>22h<\/strong>, heureuse\u2026 et tr\u00e8s correctement rassasi\u00e9e !<\/p>\n\n\n\n<figure class=\"wp-block-gallery has-nested-images columns-default is-cropped wp-block-gallery-4 is-layout-flex wp-block-gallery-is-layout-flex\">\n<figure class=\"wp-block-image size-large\"><img loading=\"lazy\" decoding=\"async\" width=\"1024\" height=\"576\" data-id=\"1603\" src=\"https:\/\/eve95ermont.com\/wp-content\/uploads\/2026\/09\/2-1024x576.jpeg\" alt=\"\" class=\"wp-image-1603\" srcset=\"https:\/\/eve95ermont.com\/wp-content\/uploads\/2026\/09\/2-1024x576.jpeg 1024w, https:\/\/eve95ermont.com\/wp-content\/uploads\/2026\/09\/2-300x169.jpeg 300w, https:\/\/eve95ermont.com\/wp-content\/uploads\/2026\/09\/2-1536x864.jpeg 1536w, https:\/\/eve95ermont.com\/wp-content\/uploads\/2026\/09\/2-768x432.jpeg 768w, https:\/\/eve95ermont.com\/wp-content\/uploads\/2026\/09\/2.jpeg 1600w\" sizes=\"auto, (max-width: 1024px) 100vw, 1024px\" \/><\/figure>\n\n\n\n<figure class=\"wp-block-image size-large\"><img loading=\"lazy\" decoding=\"async\" width=\"1024\" height=\"768\" data-id=\"1604\" src=\"https:\/\/eve95ermont.com\/wp-content\/uploads\/2026\/09\/WhatsApp-Image-2026-08-29-at-20.00.28-1024x768.jpeg\" alt=\"\" class=\"wp-image-1604\" srcset=\"https:\/\/eve95ermont.com\/wp-content\/uploads\/2026\/09\/WhatsApp-Image-2026-08-29-at-20.00.28-1024x768.jpeg 1024w, https:\/\/eve95ermont.com\/wp-content\/uploads\/2026\/09\/WhatsApp-Image-2026-08-29-at-20.00.28-768x576.jpeg 768w, https:\/\/eve95ermont.com\/wp-content\/uploads\/2026\/09\/WhatsApp-Image-2026-08-29-at-20.00.28-300x225.jpeg 300w, https:\/\/eve95ermont.com\/wp-content\/uploads\/2026\/09\/WhatsApp-Image-2026-08-29-at-20.00.28-1536x1152.jpeg 1536w, https:\/\/eve95ermont.com\/wp-content\/uploads\/2026\/09\/WhatsApp-Image-2026-08-29-at-20.00.28.jpeg 1600w\" sizes=\"auto, (max-width: 1024px) 100vw, 1024px\" \/><\/figure>\n\n\n\n<figure class=\"wp-block-image size-large\"><img loading=\"lazy\" decoding=\"async\" width=\"1024\" height=\"768\" data-id=\"1605\" src=\"https:\/\/eve95ermont.com\/wp-content\/uploads\/2026\/09\/1000243771-1024x768.jpg\" alt=\"\" class=\"wp-image-1605\" srcset=\"https:\/\/eve95ermont.com\/wp-content\/uploads\/2026\/09\/1000243771-1024x768.jpg 1024w, https:\/\/eve95ermont.com\/wp-content\/uploads\/2026\/09\/1000243771-300x225.jpg 300w, https:\/\/eve95ermont.com\/wp-content\/uploads\/2026\/09\/1000243771-768x576.jpg 768w, https:\/\/eve95ermont.com\/wp-content\/uploads\/2026\/09\/1000243771-1536x1152.jpg 1536w, https:\/\/eve95ermont.com\/wp-content\/uploads\/2026\/09\/1000243771-2048x1536.jpg 2048w\" sizes=\"auto, (max-width: 1024px) 100vw, 1024px\" \/><\/figure>\n\n\n\n<figure class=\"wp-block-image size-large\"><img loading=\"lazy\" decoding=\"async\" width=\"1024\" height=\"576\" data-id=\"1606\" src=\"https:\/\/eve95ermont.com\/wp-content\/uploads\/2026\/09\/25-1024x576.jpeg\" alt=\"\" class=\"wp-image-1606\" srcset=\"https:\/\/eve95ermont.com\/wp-content\/uploads\/2026\/09\/25-1024x576.jpeg 1024w, https:\/\/eve95ermont.com\/wp-content\/uploads\/2026\/09\/25-768x432.jpeg 768w, https:\/\/eve95ermont.com\/wp-content\/uploads\/2026\/09\/25-300x169.jpeg 300w, https:\/\/eve95ermont.com\/wp-content\/uploads\/2026\/09\/25-1536x864.jpeg 1536w, https:\/\/eve95ermont.com\/wp-content\/uploads\/2026\/09\/25.jpeg 1600w\" sizes=\"auto, (max-width: 1024px) 100vw, 1024px\" \/><\/figure>\n\n\n\n<figure class=\"wp-block-image size-large\"><img loading=\"lazy\" decoding=\"async\" width=\"576\" height=\"1024\" data-id=\"1607\" src=\"https:\/\/eve95ermont.com\/wp-content\/uploads\/2026\/09\/WhatsApp-Image-2026-08-30-at-19.39.27-2-576x1024.jpeg\" alt=\"\" class=\"wp-image-1607\" srcset=\"https:\/\/eve95ermont.com\/wp-content\/uploads\/2026\/09\/WhatsApp-Image-2026-08-30-at-19.39.27-2-576x1024.jpeg 576w, https:\/\/eve95ermont.com\/wp-content\/uploads\/2026\/09\/WhatsApp-Image-2026-08-30-at-19.39.27-2-169x300.jpeg 169w, https:\/\/eve95ermont.com\/wp-content\/uploads\/2026\/09\/WhatsApp-Image-2026-08-30-at-19.39.27-2-864x1536.jpeg 864w, https:\/\/eve95ermont.com\/wp-content\/uploads\/2026\/09\/WhatsApp-Image-2026-08-30-at-19.39.27-2-768x1365.jpeg 768w, https:\/\/eve95ermont.com\/wp-content\/uploads\/2026\/09\/WhatsApp-Image-2026-08-30-at-19.39.27-2.jpeg 900w\" sizes=\"auto, (max-width: 576px) 100vw, 576px\" \/><\/figure>\n\n\n\n<figure class=\"wp-block-image size-large\"><img loading=\"lazy\" decoding=\"async\" width=\"768\" height=\"1024\" data-id=\"1608\" src=\"https:\/\/eve95ermont.com\/wp-content\/uploads\/2026\/09\/WhatsApp-Image-2026-08-30-at-19.39.27-1-768x1024-1.jpeg\" alt=\"\" class=\"wp-image-1608\" srcset=\"https:\/\/eve95ermont.com\/wp-content\/uploads\/2026\/09\/WhatsApp-Image-2026-08-30-at-19.39.27-1-768x1024-1.jpeg 768w, https:\/\/eve95ermont.com\/wp-content\/uploads\/2026\/09\/WhatsApp-Image-2026-08-30-at-19.39.27-1-1152x1536.jpeg 1152w, https:\/\/eve95ermont.com\/wp-content\/uploads\/2026\/09\/WhatsApp-Image-2026-08-30-at-19.39.27-1-225x300.jpeg 225w, https:\/\/eve95ermont.com\/wp-content\/uploads\/2026\/09\/WhatsApp-Image-2026-08-30-at-19.39.27-1.jpeg 1200w\" sizes=\"auto, (max-width: 768px) 100vw, 768px\" \/><\/figure>\n\n\n\n<figure class=\"wp-block-image size-large\"><img loading=\"lazy\" decoding=\"async\" width=\"1024\" height=\"768\" data-id=\"1617\" src=\"https:\/\/eve95ermont.com\/wp-content\/uploads\/2026\/09\/1000243749-1024x768.jpg\" alt=\"\" class=\"wp-image-1617\" srcset=\"https:\/\/eve95ermont.com\/wp-content\/uploads\/2026\/09\/1000243749-1024x768.jpg 1024w, https:\/\/eve95ermont.com\/wp-content\/uploads\/2026\/09\/1000243749-768x576.jpg 768w, https:\/\/eve95ermont.com\/wp-content\/uploads\/2026\/09\/1000243749-2048x1536.jpg 2048w, https:\/\/eve95ermont.com\/wp-content\/uploads\/2026\/09\/1000243749-1536x1152.jpg 1536w\" sizes=\"auto, (max-width: 1024px) 100vw, 1024px\" \/><\/figure>\n\n\n\n<figure class=\"wp-block-image size-large\"><img loading=\"lazy\" decoding=\"async\" width=\"1024\" height=\"577\" data-id=\"1621\" src=\"https:\/\/eve95ermont.com\/wp-content\/uploads\/2026\/09\/1000243921-1024x577.jpg\" alt=\"\" class=\"wp-image-1621\" srcset=\"https:\/\/eve95ermont.com\/wp-content\/uploads\/2026\/09\/1000243921-1024x577.jpg 1024w, https:\/\/eve95ermont.com\/wp-content\/uploads\/2026\/09\/1000243921-767x432.jpg 767w, https:\/\/eve95ermont.com\/wp-content\/uploads\/2026\/09\/1000243921-1536x865.jpg 1536w, https:\/\/eve95ermont.com\/wp-content\/uploads\/2026\/09\/1000243921-300x169.jpg 300w, https:\/\/eve95ermont.com\/wp-content\/uploads\/2026\/09\/1000243921-2048x1153.jpg 2048w\" sizes=\"auto, (max-width: 1024px) 100vw, 1024px\" \/><\/figure>\n\n\n\n<figure class=\"wp-block-image size-large\"><img loading=\"lazy\" decoding=\"async\" width=\"1024\" height=\"768\" data-id=\"1619\" src=\"https:\/\/eve95ermont.com\/wp-content\/uploads\/2026\/09\/1000243795-1024x768.jpg\" alt=\"\" class=\"wp-image-1619\" srcset=\"https:\/\/eve95ermont.com\/wp-content\/uploads\/2026\/09\/1000243795-1024x768.jpg 1024w, https:\/\/eve95ermont.com\/wp-content\/uploads\/2026\/09\/1000243795-768x576.jpg 768w, https:\/\/eve95ermont.com\/wp-content\/uploads\/2026\/09\/1000243795-300x225.jpg 300w, https:\/\/eve95ermont.com\/wp-content\/uploads\/2026\/09\/1000243795-1536x1152.jpg 1536w, https:\/\/eve95ermont.com\/wp-content\/uploads\/2026\/09\/1000243795-2048x1536.jpg 2048w\" sizes=\"auto, (max-width: 1024px) 100vw, 1024px\" \/><\/figure>\n\n\n\n<figure class=\"wp-block-image size-large\"><img loading=\"lazy\" decoding=\"async\" width=\"768\" height=\"1024\" data-id=\"1623\" src=\"https:\/\/eve95ermont.com\/wp-content\/uploads\/2026\/09\/1000243788-1-768x1024.jpg\" alt=\"\" class=\"wp-image-1623\" srcset=\"https:\/\/eve95ermont.com\/wp-content\/uploads\/2026\/09\/1000243788-1-768x1024.jpg 768w, https:\/\/eve95ermont.com\/wp-content\/uploads\/2026\/09\/1000243788-1-432x576.jpg 432w, https:\/\/eve95ermont.com\/wp-content\/uploads\/2026\/09\/1000243788-1-1536x2048.jpg 1536w, https:\/\/eve95ermont.com\/wp-content\/uploads\/2026\/09\/1000243788-1-1152x1536.jpg 1152w, https:\/\/eve95ermont.com\/wp-content\/uploads\/2026\/09\/1000243788-1-scaled.jpg 1920w\" sizes=\"auto, (max-width: 768px) 100vw, 768px\" \/><\/figure>\n\n\n\n<figure class=\"wp-block-image size-large\"><img loading=\"lazy\" decoding=\"async\" width=\"1024\" height=\"768\" data-id=\"1622\" src=\"https:\/\/eve95ermont.com\/wp-content\/uploads\/2026\/09\/1000243940-1024x768.jpg\" alt=\"\" class=\"wp-image-1622\" srcset=\"https:\/\/eve95ermont.com\/wp-content\/uploads\/2026\/09\/1000243940-1024x768.jpg 1024w, https:\/\/eve95ermont.com\/wp-content\/uploads\/2026\/09\/1000243940-300x225.jpg 300w, https:\/\/eve95ermont.com\/wp-content\/uploads\/2026\/09\/1000243940-768x576.jpg 768w, https:\/\/eve95ermont.com\/wp-content\/uploads\/2026\/09\/1000243940-1536x1152.jpg 1536w, https:\/\/eve95ermont.com\/wp-content\/uploads\/2026\/09\/1000243940-2048x1536.jpg 2048w\" sizes=\"auto, (max-width: 1024px) 100vw, 1024px\" \/><\/figure>\n<\/figure>\n\n\n\n<h2 class=\"wp-block-heading\"><strong>30 ao\u00fbt \u2013 Au revoir \u015awidnica\u2026 apr\u00e8s une derni\u00e8re petite aventure !<\/strong><\/h2>\n\n\n\n<p class=\"wp-block-paragraph\">Le dimanche matin, nous prenons une derni\u00e8re fois le petit-d\u00e9jeuner ensemble vers 10h.<\/p>\n\n\n\n<figure class=\"wp-block-gallery has-nested-images columns-default is-cropped wp-block-gallery-5 is-layout-flex wp-block-gallery-is-layout-flex\">\n<figure class=\"wp-block-image size-large\"><img loading=\"lazy\" decoding=\"async\" width=\"1024\" height=\"768\" data-id=\"1616\" src=\"https:\/\/eve95ermont.com\/wp-content\/uploads\/2026\/09\/1000244018-1024x768.jpg\" alt=\"\" class=\"wp-image-1616\" srcset=\"https:\/\/eve95ermont.com\/wp-content\/uploads\/2026\/09\/1000244018-1024x768.jpg 1024w, https:\/\/eve95ermont.com\/wp-content\/uploads\/2026\/09\/1000244018-300x225.jpg 300w, https:\/\/eve95ermont.com\/wp-content\/uploads\/2026\/09\/1000244018-768x576.jpg 768w, https:\/\/eve95ermont.com\/wp-content\/uploads\/2026\/09\/1000244018-1536x1152.jpg 1536w, https:\/\/eve95ermont.com\/wp-content\/uploads\/2026\/09\/1000244018-2048x1536-1.jpg 2048w\" sizes=\"auto, (max-width: 1024px) 100vw, 1024px\" \/><\/figure>\n<\/figure>\n\n\n\n<p class=\"wp-block-paragraph\">L&rsquo;\u00e9quipe de l\u2019association de \u015awidnica nous rejoint ensuite et, vers midi, nous avons \u00e9galement le plaisir d\u2019accueillir <strong>Bart\u0142omiej Str\u00f3zik, maire de la Gmina \u015awidnica<\/strong>.<\/p>\n\n\n\n<p class=\"wp-block-paragraph\">Ce dernier moment officiel est consacr\u00e9 aux remerciements mutuels et \u00e0 la volont\u00e9 commune de poursuivre et de d\u00e9velopper les relations entre nos associations et nos diff\u00e9rentes d\u00e9l\u00e9gations europ\u00e9ennes.<\/p>\n\n\n\n<p class=\"wp-block-paragraph\">Au-del\u00e0 des c\u00e9r\u00e9monies officielles, ces quelques jours auront surtout permis de cr\u00e9er des liens humains, de mieux conna\u00eetre nos partenaires et de confirmer une volont\u00e9 partag\u00e9e : <strong>faire vivre l\u2019amiti\u00e9 europ\u00e9enne \u00e0 travers des projets concrets, des rencontres et des \u00e9changes entre nos territoires<\/strong>.<\/p>\n\n\n\n<figure class=\"wp-block-gallery has-nested-images columns-default is-cropped wp-block-gallery-6 is-layout-flex wp-block-gallery-is-layout-flex\">\n<figure class=\"wp-block-image size-large\"><img loading=\"lazy\" decoding=\"async\" width=\"1024\" height=\"768\" data-id=\"1613\" src=\"https:\/\/eve95ermont.com\/wp-content\/uploads\/2026\/09\/WhatsApp-Image-2026-08-30-at-18.13.09-2-1024x768.jpeg\" alt=\"\" class=\"wp-image-1613\" srcset=\"https:\/\/eve95ermont.com\/wp-content\/uploads\/2026\/09\/WhatsApp-Image-2026-08-30-at-18.13.09-2-1024x768.jpeg 1024w, https:\/\/eve95ermont.com\/wp-content\/uploads\/2026\/09\/WhatsApp-Image-2026-08-30-at-18.13.09-2-768x576.jpeg 768w, https:\/\/eve95ermont.com\/wp-content\/uploads\/2026\/09\/WhatsApp-Image-2026-08-30-at-18.13.09-2-1536x1152.jpeg 1536w, https:\/\/eve95ermont.com\/wp-content\/uploads\/2026\/09\/WhatsApp-Image-2026-08-30-at-18.13.09-2.jpeg 2000w\" sizes=\"auto, (max-width: 1024px) 100vw, 1024px\" \/><\/figure>\n\n\n\n<figure class=\"wp-block-image size-large\"><img loading=\"lazy\" decoding=\"async\" width=\"1024\" height=\"768\" data-id=\"1614\" src=\"https:\/\/eve95ermont.com\/wp-content\/uploads\/2026\/09\/WhatsApp-Image-2026-08-30-at-18.13.09-4-1024x768.jpeg\" alt=\"\" class=\"wp-image-1614\" srcset=\"https:\/\/eve95ermont.com\/wp-content\/uploads\/2026\/09\/WhatsApp-Image-2026-08-30-at-18.13.09-4-1024x768.jpeg 1024w, https:\/\/eve95ermont.com\/wp-content\/uploads\/2026\/09\/WhatsApp-Image-2026-08-30-at-18.13.09-4-300x225.jpeg 300w, https:\/\/eve95ermont.com\/wp-content\/uploads\/2026\/09\/WhatsApp-Image-2026-08-30-at-18.13.09-4-768x576.jpeg 768w, https:\/\/eve95ermont.com\/wp-content\/uploads\/2026\/09\/WhatsApp-Image-2026-08-30-at-18.13.09-4-1536x1152.jpeg 1536w, https:\/\/eve95ermont.com\/wp-content\/uploads\/2026\/09\/WhatsApp-Image-2026-08-30-at-18.13.09-4.jpeg 2000w\" sizes=\"auto, (max-width: 1024px) 100vw, 1024px\" \/><\/figure>\n\n\n\n<figure class=\"wp-block-image size-large\"><img loading=\"lazy\" decoding=\"async\" width=\"1024\" height=\"768\" data-id=\"1615\" src=\"https:\/\/eve95ermont.com\/wp-content\/uploads\/2026\/09\/WhatsApp-Image-2026-08-30-at-18.13.09-1024x768.jpeg\" alt=\"\" class=\"wp-image-1615\" srcset=\"https:\/\/eve95ermont.com\/wp-content\/uploads\/2026\/09\/WhatsApp-Image-2026-08-30-at-18.13.09-1024x768.jpeg 1024w, https:\/\/eve95ermont.com\/wp-content\/uploads\/2026\/09\/WhatsApp-Image-2026-08-30-at-18.13.09-300x225.jpeg 300w, https:\/\/eve95ermont.com\/wp-content\/uploads\/2026\/09\/WhatsApp-Image-2026-08-30-at-18.13.09-768x576.jpeg 768w, https:\/\/eve95ermont.com\/wp-content\/uploads\/2026\/09\/WhatsApp-Image-2026-08-30-at-18.13.09-1536x1152.jpeg 1536w, https:\/\/eve95ermont.com\/wp-content\/uploads\/2026\/09\/WhatsApp-Image-2026-08-30-at-18.13.09.jpeg 2000w\" sizes=\"auto, (max-width: 1024px) 100vw, 1024px\" \/><\/figure>\n<\/figure>\n\n\n\n<p class=\"wp-block-paragraph\">Mais avant de rentrer \u00e0 Ermont, il restait encore une derni\u00e8re \u00e9preuve : <strong>l\u2019a\u00e9roport de Wroc\u0142aw<\/strong> !<\/p>\n\n\n\n<p class=\"wp-block-paragraph\">Apr\u00e8s avoir \u00e9t\u00e9 accompagn\u00e9s jusqu\u2019\u00e0 l\u2019a\u00e9roport par nos amis polonais, nous proc\u00e9dons \u00e0 l\u2019embarquement\u2026 non sans une derni\u00e8re petite frayeur.<\/p>\n\n\n\n<p class=\"wp-block-paragraph\">Ariane ayant effectu\u00e9 son enregistrement tardivement, aucune place ne lui avait initialement \u00e9t\u00e9 attribu\u00e9e dans l\u2019avion. Pendant quelques instants, nous avons donc s\u00e9rieusement envisag\u00e9 de devoir prolonger la repr\u00e9sentation d\u2019Ermont en Pologne avec une d\u00e9l\u00e9gu\u00e9e permanente !<\/p>\n\n\n\n<p class=\"wp-block-paragraph\">Heureusement, apr\u00e8s l\u2019embarquement des derniers passagers, une place est finalement disponible et Ariane peut rejoindre le reste de la d\u00e9l\u00e9gation dans l\u2019avion.<\/p>\n\n\n\n<p class=\"wp-block-paragraph\">Cette fois-ci, tout le monde est bien \u00e0 bord !<\/p>\n\n\n\n<p class=\"wp-block-paragraph\">Le vol retour se d\u00e9roule sans autre p\u00e9rip\u00e9tie et nous retrouvons <strong>Ermont vers 19h00<\/strong>, fatigu\u00e9s mais heureux de ces quelques jours particuli\u00e8rement riches.<\/p>\n\n\n\n<figure class=\"wp-block-image size-large\"><img loading=\"lazy\" decoding=\"async\" width=\"1024\" height=\"768\" src=\"https:\/\/eve95ermont.com\/wp-content\/uploads\/2026\/09\/1000244047-1024x768.jpg\" alt=\"\" class=\"wp-image-1625\" srcset=\"https:\/\/eve95ermont.com\/wp-content\/uploads\/2026\/09\/1000244047-1024x768.jpg 1024w, https:\/\/eve95ermont.com\/wp-content\/uploads\/2026\/09\/1000244047-300x225.jpg 300w, https:\/\/eve95ermont.com\/wp-content\/uploads\/2026\/09\/1000244047-768x576.jpg 768w, https:\/\/eve95ermont.com\/wp-content\/uploads\/2026\/09\/1000244047-1536x1152.jpg 1536w, https:\/\/eve95ermont.com\/wp-content\/uploads\/2026\/09\/1000244047-2048x1536.jpg 2048w\" sizes=\"auto, (max-width: 1024px) 100vw, 1024px\" \/><\/figure>\n\n\n\n<h2 class=\"wp-block-heading\"><strong>Une belle aventure europ\u00e9enne \u00e0 poursuivre<\/strong><\/h2>\n\n\n\n<p class=\"wp-block-paragraph\">Entre <strong>m\u00e9moire, traditions, gastronomie, rencontres, f\u00eate et quelques impr\u00e9vus de voyage<\/strong>, ce s\u00e9jour dans la Gmina \u015awidnica aura parfaitement illustr\u00e9 ce qui fait vivre les \u00e9changes europ\u00e9ens : la d\u00e9couverte des autres, la convivialit\u00e9 et surtout les liens humains qui se cr\u00e9ent au fil des rencontres.<\/p>\n\n\n\n<p class=\"wp-block-paragraph\">La signature de l\u2019accord de partenariat constitue d\u00e9sormais une nouvelle \u00e9tape dans les relations entre <strong>Ermont Ville d\u2019Europe et nos partenaires de la Gmina \u015awidnica<\/strong>.<\/p>\n\n\n\n<p class=\"wp-block-paragraph\">Nous adressons un immense <strong>merci \u2013 ou plut\u00f4t <em>dzi\u0119kujemy bardzo !<\/em> \u2013 \u00e0 nos amis polonais<\/strong> pour leur accueil, leur disponibilit\u00e9 et leur g\u00e9n\u00e9rosit\u00e9 tout au long du s\u00e9jour.<\/p>\n\n\n\n<p class=\"wp-block-paragraph\">Merci \u00e9galement aux d\u00e9l\u00e9gations de <strong>Loja et Maldegem<\/strong> pour les excellents moments partag\u00e9s.<\/p>\n\n\n\n<p class=\"wp-block-paragraph\">Une chose est certaine : apr\u00e8s ce s\u00e9jour, l\u2019amiti\u00e9 europ\u00e9enne ne conna\u00eet d\u00e9cid\u00e9ment ni fronti\u00e8res\u2026 <strong>ni retards d\u2019avion !<\/strong><\/p>\n","protected":false},"excerpt":{"rendered":"<p>Voyage d\u2019Ermont Ville d\u2019Europe \u00e0 \u015awidnica : rencontres, traditions, m\u00e9moire, gastronomie et signature d\u2019un nouveau partenariat franco-polonais chaleureux et durable.<\/p>\n","protected":false},"author":2,"featured_media":1604,"comment_status":"closed","ping_status":"closed","sticky":false,"template":"","format":"standard","meta":{"footnotes":""},"categories":[35,8],"tags":[34],"class_list":["post-1591","post","type-post","status-publish","format-standard","has-post-thumbnail","hentry","category-blog","category-evenement","tag-actualite"],"yoast_head":"<!-- This site is optimized with the Yoast SEO plugin v28.4 - https:\/\/yoast.com\/product\/yoast-seo-wordpress\/ -->\n<title>Ermont Ville d\u2019Europe \u00e0 \u015awidnica (Ao\u00fbt 2026) : un voyage riche en rencontres\u2026 et en p\u00e9rip\u00e9ties ! - voyage et jumelage<\/title>\n<meta name=\"description\" content=\"Retour sur le voyage d\u2019Ermont Ville d\u2019Europe \u00e0 \u015awidnica : Do\u017cynki, projet Riese, rencontres europ\u00e9ennes et signature d\u2019un partenariat franco-polonais.\" \/>\n<meta name=\"robots\" content=\"index, follow, max-snippet:-1, max-image-preview:large, max-video-preview:-1\" \/>\n<link rel=\"canonical\" href=\"https:\/\/eve95ermont.com\/index.php\/2026\/09\/02\/ermont-ville-europe-swidnica-voyage-jumelage-2026\/\" \/>\n<meta property=\"og:locale\" content=\"fr_FR\" \/>\n<meta property=\"og:type\" content=\"article\" \/>\n<meta property=\"og:title\" content=\"Ermont Ville d\u2019Europe \u00e0 \u015awidnica (2026) : une belle aventure europ\u00e9enne\" \/>\n<meta property=\"og:description\" content=\"Du 27 au 30 ao\u00fbt 2026, notre d\u00e9l\u00e9gation a d\u00e9couvert la Gmina \u015awidnica, particip\u00e9 aux Do\u017cynki et sign\u00e9 un nouvel accord de partenariat.\" \/>\n<meta property=\"og:url\" content=\"https:\/\/eve95ermont.com\/index.php\/2026\/09\/02\/ermont-ville-europe-swidnica-voyage-jumelage-2026\/\" \/>\n<meta property=\"og:site_name\" content=\"Ermont Ville d&#039;Europe\" \/>\n<meta property=\"article:published_time\" content=\"2026-09-02T04:43:57+00:00\" \/>\n<meta property=\"article:modified_time\" content=\"2026-09-02T04:46:39+00:00\" \/>\n<meta property=\"og:image\" content=\"http:\/\/eve95ermont.com\/wp-content\/uploads\/2026\/09\/WhatsApp-Image-2026-08-29-at-20.00.28.jpeg\" \/>\n\t<meta property=\"og:image:width\" content=\"1600\" \/>\n\t<meta property=\"og:image:height\" content=\"1200\" \/>\n\t<meta property=\"og:image:type\" content=\"image\/jpeg\" \/>\n<meta name=\"author\" content=\"Maximilien\" \/>\n<meta name=\"twitter:card\" content=\"summary_large_image\" \/>\n<meta name=\"twitter:label1\" content=\"\u00c9crit par\" \/>\n\t<meta name=\"twitter:data1\" content=\"Maximilien\" \/>\n\t<meta name=\"twitter:label2\" content=\"Dur\u00e9e de lecture estim\u00e9e\" \/>\n\t<meta name=\"twitter:data2\" content=\"14 minutes\" \/>\n<script type=\"application\/ld+json\" class=\"yoast-schema-graph\">{\"@context\":\"https:\\\/\\\/schema.org\",\"@graph\":[{\"@type\":\"Article\",\"@id\":\"https:\\\/\\\/eve95ermont.com\\\/index.php\\\/2026\\\/09\\\/02\\\/ermont-ville-europe-swidnica-voyage-jumelage-2026\\\/#article\",\"isPartOf\":{\"@id\":\"https:\\\/\\\/eve95ermont.com\\\/index.php\\\/2026\\\/09\\\/02\\\/ermont-ville-europe-swidnica-voyage-jumelage-2026\\\/\"},\"author\":{\"name\":\"Maximilien\",\"@id\":\"https:\\\/\\\/eve95ermont.com\\\/#\\\/schema\\\/person\\\/e72a6b4373234bdc3e1f79cb4fd86a7f\"},\"headline\":\"Ermont Ville d\u2019Europe \u00e0 \u015awidnica (Ao\u00fbt 2026) : un voyage riche en rencontres\u2026 et en p\u00e9rip\u00e9ties !\",\"datePublished\":\"2026-09-02T04:43:57+00:00\",\"dateModified\":\"2026-09-02T04:46:39+00:00\",\"mainEntityOfPage\":{\"@id\":\"https:\\\/\\\/eve95ermont.com\\\/index.php\\\/2026\\\/09\\\/02\\\/ermont-ville-europe-swidnica-voyage-jumelage-2026\\\/\"},\"wordCount\":1623,\"publisher\":{\"@id\":\"https:\\\/\\\/eve95ermont.com\\\/#organization\"},\"image\":{\"@id\":\"https:\\\/\\\/eve95ermont.com\\\/index.php\\\/2026\\\/09\\\/02\\\/ermont-ville-europe-swidnica-voyage-jumelage-2026\\\/#primaryimage\"},\"thumbnailUrl\":\"https:\\\/\\\/eve95ermont.com\\\/wp-content\\\/uploads\\\/2026\\\/09\\\/WhatsApp-Image-2026-08-29-at-20.00.28.jpeg\",\"keywords\":[\"Actualit\u00e9\"],\"articleSection\":[\"Blog\",\"Evenement\"],\"inLanguage\":\"fr-FR\"},{\"@type\":\"WebPage\",\"@id\":\"https:\\\/\\\/eve95ermont.com\\\/index.php\\\/2026\\\/09\\\/02\\\/ermont-ville-europe-swidnica-voyage-jumelage-2026\\\/\",\"url\":\"https:\\\/\\\/eve95ermont.com\\\/index.php\\\/2026\\\/09\\\/02\\\/ermont-ville-europe-swidnica-voyage-jumelage-2026\\\/\",\"name\":\"Ermont Ville d\u2019Europe \u00e0 \u015awidnica (Ao\u00fbt 2026) : un voyage riche en rencontres\u2026 et en p\u00e9rip\u00e9ties ! - voyage et jumelage\",\"isPartOf\":{\"@id\":\"https:\\\/\\\/eve95ermont.com\\\/#website\"},\"primaryImageOfPage\":{\"@id\":\"https:\\\/\\\/eve95ermont.com\\\/index.php\\\/2026\\\/09\\\/02\\\/ermont-ville-europe-swidnica-voyage-jumelage-2026\\\/#primaryimage\"},\"image\":{\"@id\":\"https:\\\/\\\/eve95ermont.com\\\/index.php\\\/2026\\\/09\\\/02\\\/ermont-ville-europe-swidnica-voyage-jumelage-2026\\\/#primaryimage\"},\"thumbnailUrl\":\"https:\\\/\\\/eve95ermont.com\\\/wp-content\\\/uploads\\\/2026\\\/09\\\/WhatsApp-Image-2026-08-29-at-20.00.28.jpeg\",\"datePublished\":\"2026-09-02T04:43:57+00:00\",\"dateModified\":\"2026-09-02T04:46:39+00:00\",\"description\":\"Retour sur le voyage d\u2019Ermont Ville d\u2019Europe \u00e0 \u015awidnica : Do\u017cynki, projet Riese, rencontres europ\u00e9ennes et signature d\u2019un partenariat franco-polonais.\",\"breadcrumb\":{\"@id\":\"https:\\\/\\\/eve95ermont.com\\\/index.php\\\/2026\\\/09\\\/02\\\/ermont-ville-europe-swidnica-voyage-jumelage-2026\\\/#breadcrumb\"},\"inLanguage\":\"fr-FR\",\"potentialAction\":[{\"@type\":\"ReadAction\",\"target\":[\"https:\\\/\\\/eve95ermont.com\\\/index.php\\\/2026\\\/09\\\/02\\\/ermont-ville-europe-swidnica-voyage-jumelage-2026\\\/\"]}]},{\"@type\":\"ImageObject\",\"inLanguage\":\"fr-FR\",\"@id\":\"https:\\\/\\\/eve95ermont.com\\\/index.php\\\/2026\\\/09\\\/02\\\/ermont-ville-europe-swidnica-voyage-jumelage-2026\\\/#primaryimage\",\"url\":\"https:\\\/\\\/eve95ermont.com\\\/wp-content\\\/uploads\\\/2026\\\/09\\\/WhatsApp-Image-2026-08-29-at-20.00.28.jpeg\",\"contentUrl\":\"https:\\\/\\\/eve95ermont.com\\\/wp-content\\\/uploads\\\/2026\\\/09\\\/WhatsApp-Image-2026-08-29-at-20.00.28.jpeg\",\"width\":1600,\"height\":1200},{\"@type\":\"BreadcrumbList\",\"@id\":\"https:\\\/\\\/eve95ermont.com\\\/index.php\\\/2026\\\/09\\\/02\\\/ermont-ville-europe-swidnica-voyage-jumelage-2026\\\/#breadcrumb\",\"itemListElement\":[{\"@type\":\"ListItem\",\"position\":1,\"name\":\"Accueil\",\"item\":\"https:\\\/\\\/eve95ermont.com\\\/\"},{\"@type\":\"ListItem\",\"position\":2,\"name\":\"Ermont Ville d\u2019Europe \u00e0 \u015awidnica (Ao\u00fbt 2026) : un voyage riche en rencontres\u2026 et en p\u00e9rip\u00e9ties !\"}]},{\"@type\":\"WebSite\",\"@id\":\"https:\\\/\\\/eve95ermont.com\\\/#website\",\"url\":\"https:\\\/\\\/eve95ermont.com\\\/\",\"name\":\"Ermont Ville d&#039;Europe\",\"description\":\"L&#039;association de jumelage d&#039;Ermont\",\"publisher\":{\"@id\":\"https:\\\/\\\/eve95ermont.com\\\/#organization\"},\"potentialAction\":[{\"@type\":\"SearchAction\",\"target\":{\"@type\":\"EntryPoint\",\"urlTemplate\":\"https:\\\/\\\/eve95ermont.com\\\/?s={search_term_string}\"},\"query-input\":{\"@type\":\"PropertyValueSpecification\",\"valueRequired\":true,\"valueName\":\"search_term_string\"}}],\"inLanguage\":\"fr-FR\"},{\"@type\":\"Organization\",\"@id\":\"https:\\\/\\\/eve95ermont.com\\\/#organization\",\"name\":\"Ermont Ville d&#039;Europe\",\"url\":\"https:\\\/\\\/eve95ermont.com\\\/\",\"logo\":{\"@type\":\"ImageObject\",\"inLanguage\":\"fr-FR\",\"@id\":\"https:\\\/\\\/eve95ermont.com\\\/#\\\/schema\\\/logo\\\/image\\\/\",\"url\":\"https:\\\/\\\/eve95ermont.com\\\/wp-content\\\/uploads\\\/2023\\\/06\\\/cropped-logo-eve-proposition-gris-clair-contour-noir-v2.png\",\"contentUrl\":\"https:\\\/\\\/eve95ermont.com\\\/wp-content\\\/uploads\\\/2023\\\/06\\\/cropped-logo-eve-proposition-gris-clair-contour-noir-v2.png\",\"width\":1157,\"height\":709,\"caption\":\"Ermont Ville d&#039;Europe\"},\"image\":{\"@id\":\"https:\\\/\\\/eve95ermont.com\\\/#\\\/schema\\\/logo\\\/image\\\/\"}},{\"@type\":\"Person\",\"@id\":\"https:\\\/\\\/eve95ermont.com\\\/#\\\/schema\\\/person\\\/e72a6b4373234bdc3e1f79cb4fd86a7f\",\"name\":\"Maximilien\",\"image\":{\"@type\":\"ImageObject\",\"inLanguage\":\"fr-FR\",\"@id\":\"https:\\\/\\\/secure.gravatar.com\\\/avatar\\\/48e0777bd0d7ae02b0a5b6de8f8e6a676f07405de4b16911dc5fa3da85d2dc40?s=96&d=mm&r=g\",\"url\":\"https:\\\/\\\/secure.gravatar.com\\\/avatar\\\/48e0777bd0d7ae02b0a5b6de8f8e6a676f07405de4b16911dc5fa3da85d2dc40?s=96&d=mm&r=g\",\"contentUrl\":\"https:\\\/\\\/secure.gravatar.com\\\/avatar\\\/48e0777bd0d7ae02b0a5b6de8f8e6a676f07405de4b16911dc5fa3da85d2dc40?s=96&d=mm&r=g\",\"caption\":\"Maximilien\"},\"sameAs\":[\"http:\\\/\\\/eve95ermont.com\\\/\"],\"url\":\"https:\\\/\\\/eve95ermont.com\\\/index.php\\\/author\\\/maximilien\\\/\"}]}<\/script>\n<!-- \/ Yoast SEO plugin. -->","yoast_head_json":{"title":"Ermont Ville d\u2019Europe \u00e0 \u015awidnica (Ao\u00fbt 2026) : un voyage riche en rencontres\u2026 et en p\u00e9rip\u00e9ties ! - voyage et jumelage","description":"Retour sur le voyage d\u2019Ermont Ville d\u2019Europe \u00e0 \u015awidnica : Do\u017cynki, projet Riese, rencontres europ\u00e9ennes et signature d\u2019un partenariat franco-polonais.","robots":{"index":"index","follow":"follow","max-snippet":"max-snippet:-1","max-image-preview":"max-image-preview:large","max-video-preview":"max-video-preview:-1"},"canonical":"https:\/\/eve95ermont.com\/index.php\/2026\/09\/02\/ermont-ville-europe-swidnica-voyage-jumelage-2026\/","og_locale":"fr_FR","og_type":"article","og_title":"Ermont Ville d\u2019Europe \u00e0 \u015awidnica (2026) : une belle aventure europ\u00e9enne","og_description":"Du 27 au 30 ao\u00fbt 2026, notre d\u00e9l\u00e9gation a d\u00e9couvert la Gmina \u015awidnica, particip\u00e9 aux Do\u017cynki et sign\u00e9 un nouvel accord de partenariat.","og_url":"https:\/\/eve95ermont.com\/index.php\/2026\/09\/02\/ermont-ville-europe-swidnica-voyage-jumelage-2026\/","og_site_name":"Ermont Ville d&#039;Europe","article_published_time":"2026-09-02T04:43:57+00:00","article_modified_time":"2026-09-02T04:46:39+00:00","og_image":[{"width":1600,"height":1200,"url":"http:\/\/eve95ermont.com\/wp-content\/uploads\/2026\/09\/WhatsApp-Image-2026-08-29-at-20.00.28.jpeg","type":"image\/jpeg"}],"author":"Maximilien","twitter_card":"summary_large_image","twitter_misc":{"\u00c9crit par":"Maximilien","Dur\u00e9e de lecture estim\u00e9e":"14 minutes"},"schema":{"@context":"https:\/\/schema.org","@graph":[{"@type":"Article","@id":"https:\/\/eve95ermont.com\/index.php\/2026\/09\/02\/ermont-ville-europe-swidnica-voyage-jumelage-2026\/#article","isPartOf":{"@id":"https:\/\/eve95ermont.com\/index.php\/2026\/09\/02\/ermont-ville-europe-swidnica-voyage-jumelage-2026\/"},"author":{"name":"Maximilien","@id":"https:\/\/eve95ermont.com\/#\/schema\/person\/e72a6b4373234bdc3e1f79cb4fd86a7f"},"headline":"Ermont Ville d\u2019Europe \u00e0 \u015awidnica (Ao\u00fbt 2026) : un voyage riche en rencontres\u2026 et en p\u00e9rip\u00e9ties !","datePublished":"2026-09-02T04:43:57+00:00","dateModified":"2026-09-02T04:46:39+00:00","mainEntityOfPage":{"@id":"https:\/\/eve95ermont.com\/index.php\/2026\/09\/02\/ermont-ville-europe-swidnica-voyage-jumelage-2026\/"},"wordCount":1623,"publisher":{"@id":"https:\/\/eve95ermont.com\/#organization"},"image":{"@id":"https:\/\/eve95ermont.com\/index.php\/2026\/09\/02\/ermont-ville-europe-swidnica-voyage-jumelage-2026\/#primaryimage"},"thumbnailUrl":"https:\/\/eve95ermont.com\/wp-content\/uploads\/2026\/09\/WhatsApp-Image-2026-08-29-at-20.00.28.jpeg","keywords":["Actualit\u00e9"],"articleSection":["Blog","Evenement"],"inLanguage":"fr-FR"},{"@type":"WebPage","@id":"https:\/\/eve95ermont.com\/index.php\/2026\/09\/02\/ermont-ville-europe-swidnica-voyage-jumelage-2026\/","url":"https:\/\/eve95ermont.com\/index.php\/2026\/09\/02\/ermont-ville-europe-swidnica-voyage-jumelage-2026\/","name":"Ermont Ville d\u2019Europe \u00e0 \u015awidnica (Ao\u00fbt 2026) : un voyage riche en rencontres\u2026 et en p\u00e9rip\u00e9ties ! - voyage et jumelage","isPartOf":{"@id":"https:\/\/eve95ermont.com\/#website"},"primaryImageOfPage":{"@id":"https:\/\/eve95ermont.com\/index.php\/2026\/09\/02\/ermont-ville-europe-swidnica-voyage-jumelage-2026\/#primaryimage"},"image":{"@id":"https:\/\/eve95ermont.com\/index.php\/2026\/09\/02\/ermont-ville-europe-swidnica-voyage-jumelage-2026\/#primaryimage"},"thumbnailUrl":"https:\/\/eve95ermont.com\/wp-content\/uploads\/2026\/09\/WhatsApp-Image-2026-08-29-at-20.00.28.jpeg","datePublished":"2026-09-02T04:43:57+00:00","dateModified":"2026-09-02T04:46:39+00:00","description":"Retour sur le voyage d\u2019Ermont Ville d\u2019Europe \u00e0 \u015awidnica : Do\u017cynki, projet Riese, rencontres europ\u00e9ennes et signature d\u2019un partenariat franco-polonais.","breadcrumb":{"@id":"https:\/\/eve95ermont.com\/index.php\/2026\/09\/02\/ermont-ville-europe-swidnica-voyage-jumelage-2026\/#breadcrumb"},"inLanguage":"fr-FR","potentialAction":[{"@type":"ReadAction","target":["https:\/\/eve95ermont.com\/index.php\/2026\/09\/02\/ermont-ville-europe-swidnica-voyage-jumelage-2026\/"]}]},{"@type":"ImageObject","inLanguage":"fr-FR","@id":"https:\/\/eve95ermont.com\/index.php\/2026\/09\/02\/ermont-ville-europe-swidnica-voyage-jumelage-2026\/#primaryimage","url":"https:\/\/eve95ermont.com\/wp-content\/uploads\/2026\/09\/WhatsApp-Image-2026-08-29-at-20.00.28.jpeg","contentUrl":"https:\/\/eve95ermont.com\/wp-content\/uploads\/2026\/09\/WhatsApp-Image-2026-08-29-at-20.00.28.jpeg","width":1600,"height":1200},{"@type":"BreadcrumbList","@id":"https:\/\/eve95ermont.com\/index.php\/2026\/09\/02\/ermont-ville-europe-swidnica-voyage-jumelage-2026\/#breadcrumb","itemListElement":[{"@type":"ListItem","position":1,"name":"Accueil","item":"https:\/\/eve95ermont.com\/"},{"@type":"ListItem","position":2,"name":"Ermont Ville d\u2019Europe \u00e0 \u015awidnica (Ao\u00fbt 2026) : un voyage riche en rencontres\u2026 et en p\u00e9rip\u00e9ties !"}]},{"@type":"WebSite","@id":"https:\/\/eve95ermont.com\/#website","url":"https:\/\/eve95ermont.com\/","name":"Ermont Ville d&#039;Europe","description":"L&#039;association de jumelage d&#039;Ermont","publisher":{"@id":"https:\/\/eve95ermont.com\/#organization"},"potentialAction":[{"@type":"SearchAction","target":{"@type":"EntryPoint","urlTemplate":"https:\/\/eve95ermont.com\/?s={search_term_string}"},"query-input":{"@type":"PropertyValueSpecification","valueRequired":true,"valueName":"search_term_string"}}],"inLanguage":"fr-FR"},{"@type":"Organization","@id":"https:\/\/eve95ermont.com\/#organization","name":"Ermont Ville d&#039;Europe","url":"https:\/\/eve95ermont.com\/","logo":{"@type":"ImageObject","inLanguage":"fr-FR","@id":"https:\/\/eve95ermont.com\/#\/schema\/logo\/image\/","url":"https:\/\/eve95ermont.com\/wp-content\/uploads\/2023\/06\/cropped-logo-eve-proposition-gris-clair-contour-noir-v2.png","contentUrl":"https:\/\/eve95ermont.com\/wp-content\/uploads\/2023\/06\/cropped-logo-eve-proposition-gris-clair-contour-noir-v2.png","width":1157,"height":709,"caption":"Ermont Ville d&#039;Europe"},"image":{"@id":"https:\/\/eve95ermont.com\/#\/schema\/logo\/image\/"}},{"@type":"Person","@id":"https:\/\/eve95ermont.com\/#\/schema\/person\/e72a6b4373234bdc3e1f79cb4fd86a7f","name":"Maximilien","image":{"@type":"ImageObject","inLanguage":"fr-FR","@id":"https:\/\/secure.gravatar.com\/avatar\/48e0777bd0d7ae02b0a5b6de8f8e6a676f07405de4b16911dc5fa3da85d2dc40?s=96&d=mm&r=g","url":"https:\/\/secure.gravatar.com\/avatar\/48e0777bd0d7ae02b0a5b6de8f8e6a676f07405de4b16911dc5fa3da85d2dc40?s=96&d=mm&r=g","contentUrl":"https:\/\/secure.gravatar.com\/avatar\/48e0777bd0d7ae02b0a5b6de8f8e6a676f07405de4b16911dc5fa3da85d2dc40?s=96&d=mm&r=g","caption":"Maximilien"},"sameAs":["http:\/\/eve95ermont.com\/"],"url":"https:\/\/eve95ermont.com\/index.php\/author\/maximilien\/"}]}},"_links":{"self":[{"href":"https:\/\/eve95ermont.com\/index.php\/wp-json\/wp\/v2\/posts\/1591","targetHints":{"allow":["GET"]}}],"collection":[{"href":"https:\/\/eve95ermont.com\/index.php\/wp-json\/wp\/v2\/posts"}],"about":[{"href":"https:\/\/eve95ermont.com\/index.php\/wp-json\/wp\/v2\/types\/post"}],"author":[{"embeddable":true,"href":"https:\/\/eve95ermont.com\/index.php\/wp-json\/wp\/v2\/users\/2"}],"replies":[{"embeddable":true,"href":"https:\/\/eve95ermont.com\/index.php\/wp-json\/wp\/v2\/comments?post=1591"}],"version-history":[{"count":6,"href":"https:\/\/eve95ermont.com\/index.php\/wp-json\/wp\/v2\/posts\/1591\/revisions"}],"predecessor-version":[{"id":1629,"href":"https:\/\/eve95ermont.com\/index.php\/wp-json\/wp\/v2\/posts\/1591\/revisions\/1629"}],"wp:featuredmedia":[{"embeddable":true,"href":"https:\/\/eve95ermont.com\/index.php\/wp-json\/wp\/v2\/media\/1604"}],"wp:attachment":[{"href":"https:\/\/eve95ermont.com\/index.php\/wp-json\/wp\/v2\/media?parent=1591"}],"wp:term":[{"taxonomy":"category","embeddable":true,"href":"https:\/\/eve95ermont.com\/index.php\/wp-json\/wp\/v2\/categories?post=1591"},{"taxonomy":"post_tag","embeddable":true,"href":"https:\/\/eve95ermont.com\/index.php\/wp-json\/wp\/v2\/tags?post=1591"}],"curies":[{"name":"wp","href":"https:\/\/api.w.org\/{rel}","templated":true}]}}