{"id":1523,"date":"2026-04-26T19:31:12","date_gmt":"2026-04-26T17:31:12","guid":{"rendered":"https:\/\/eve95ermont.com\/?p=1523"},"modified":"2026-04-26T20:35:55","modified_gmt":"2026-04-26T18:35:55","slug":"sejour-jumelage-ermont-loja-swidnica-2026","status":"publish","type":"post","link":"https:\/\/eve95ermont.com\/index.php\/2026\/04\/26\/sejour-jumelage-ermont-loja-swidnica-2026\/","title":{"rendered":"S\u00e9jour Jumelage \u00e0 Ermont : Accueil de Loja et \u015awidnica | E.V.E du 8 au 13 Avril 2026"},"content":{"rendered":"\n<p><\/p>\n\n\n\n<p>L\u2019association Ermont Ville d\u2019Europe (E.V.E) a organis\u00e9, du 8 au 13 avril 2026, un s\u00e9jour riche en \u00e9changes et en d\u00e9couvertes \u00e0 l\u2019occasion de la venue des d\u00e9l\u00e9gations espagnole de Loja et polonaise de \u015awidnica.<\/p>\n\n\n\n<p><\/p>\n\n\n\n<h2 class=\"wp-block-heading\"><strong>Le mercredi 8 avril<\/strong>, <\/h2>\n\n\n\n<p>les premiers participants, en provenance de Pologne, sont arriv\u00e9s \u00e0 7 h 55 \u00e0 l\u2019a\u00e9roport de Beauvais-Till\u00e9, o\u00f9 ils ont \u00e9t\u00e9 accueillis par deux membres de l\u2019association. Ceux-ci ont assur\u00e9 leur transfert vers Ermont et leur prise en charge pour la journ\u00e9e.<\/p>\n\n\n\n<p><\/p>\n\n\n\n<p>En d\u00e9but d\u2019apr\u00e8s-midi, vers 12 h 30, les familles de Loja ont atterri \u00e0 l\u2019a\u00e9roport de Paris-Orly. Leur transfert en vans priv\u00e9s, organis\u00e9 par l\u2019association, a permis une arriv\u00e9e conviviale aux alentours de 13 h 30 dans le parc de la mairie.<\/p>\n\n\n\n<p><\/p>\n\n\n\n<p>\u00c0 l\u2019arriv\u00e9e des Espagnols \u00e0 Ermont, une r\u00e9ception officielle s\u2019est tenue \u00e0 la mairie pour c\u00e9l\u00e9brer les 25 ans de jumelage. \u00c0 cette occasion, une lettre d\u2019intention a \u00e9t\u00e9 pr\u00e9sent\u00e9e par l\u2019association polonaise en charge des jumelages (\u00ab Stowarzyszenie Miast i Gmin Partnerskich Gminy \u015awidnica \u00bb), destin\u00e9e aux associations ADEL et E.V.E, qui \u0153uvrent respectivement au maintien des liens avec l\u2019Espagne et la Pologne. La ville allemande de Lampertheim, \u00e9galement jumel\u00e9e avec Ermont, \u00e9tait repr\u00e9sent\u00e9e par une d\u00e9l\u00e9gation compos\u00e9e d\u2019une personne, Mme Deslot.<br><\/p>\n\n\n\n<div class=\"wp-block-group\"><div class=\"wp-block-group__inner-container is-layout-constrained wp-block-group-is-layout-constrained\"><div class=\"wp-block-image\">\n<figure class=\"aligncenter size-large\"><img loading=\"lazy\" decoding=\"async\" width=\"1024\" height=\"683\" src=\"https:\/\/eve95ermont.com\/wp-content\/uploads\/2026\/04\/reception-mairie-avril-2026-1024x683.jpg\" alt=\"\" class=\"wp-image-1524\" srcset=\"https:\/\/eve95ermont.com\/wp-content\/uploads\/2026\/04\/reception-mairie-avril-2026-1024x683.jpg 1024w, https:\/\/eve95ermont.com\/wp-content\/uploads\/2026\/04\/reception-mairie-avril-2026-300x200.jpg 300w, https:\/\/eve95ermont.com\/wp-content\/uploads\/2026\/04\/reception-mairie-avril-2026-768x512.jpg 768w, https:\/\/eve95ermont.com\/wp-content\/uploads\/2026\/04\/reception-mairie-avril-2026-1536x1024.jpg 1536w, https:\/\/eve95ermont.com\/wp-content\/uploads\/2026\/04\/reception-mairie-avril-2026.jpg 2048w\" sizes=\"auto, (max-width: 1024px) 100vw, 1024px\" \/><\/figure>\n<\/div>\n\n\n<figure class=\"wp-block-gallery has-nested-images columns-default is-cropped wp-block-gallery-1 is-layout-flex wp-block-gallery-is-layout-flex\">\n<figure class=\"wp-block-image size-large\"><img loading=\"lazy\" decoding=\"async\" width=\"1024\" height=\"766\" data-id=\"1558\" src=\"https:\/\/eve95ermont.com\/wp-content\/uploads\/2026\/04\/reception-mairie-avril-2026-3-1024x766.png\" alt=\"\" class=\"wp-image-1558\" srcset=\"https:\/\/eve95ermont.com\/wp-content\/uploads\/2026\/04\/reception-mairie-avril-2026-3-1024x766.png 1024w, https:\/\/eve95ermont.com\/wp-content\/uploads\/2026\/04\/reception-mairie-avril-2026-3-300x224.png 300w, https:\/\/eve95ermont.com\/wp-content\/uploads\/2026\/04\/reception-mairie-avril-2026-3-768x574.png 768w, https:\/\/eve95ermont.com\/wp-content\/uploads\/2026\/04\/reception-mairie-avril-2026-3.png 1034w\" sizes=\"auto, (max-width: 1024px) 100vw, 1024px\" \/><\/figure>\n\n\n\n<figure class=\"wp-block-image size-large is-resized\"><img loading=\"lazy\" decoding=\"async\" width=\"1024\" height=\"759\" data-id=\"1559\" src=\"https:\/\/eve95ermont.com\/wp-content\/uploads\/2026\/04\/reception-mairie-avril-2026-4-1024x759.png\" alt=\"\" class=\"wp-image-1559\" style=\"width:394px;height:auto\" srcset=\"https:\/\/eve95ermont.com\/wp-content\/uploads\/2026\/04\/reception-mairie-avril-2026-4-1024x759.png 1024w, https:\/\/eve95ermont.com\/wp-content\/uploads\/2026\/04\/reception-mairie-avril-2026-4-300x222.png 300w, https:\/\/eve95ermont.com\/wp-content\/uploads\/2026\/04\/reception-mairie-avril-2026-4-768x569.png 768w, https:\/\/eve95ermont.com\/wp-content\/uploads\/2026\/04\/reception-mairie-avril-2026-4.png 1030w\" sizes=\"auto, (max-width: 1024px) 100vw, 1024px\" \/><\/figure>\n<\/figure>\n\n\n<div class=\"wp-block-image\">\n<figure class=\"aligncenter size-large\"><img loading=\"lazy\" decoding=\"async\" width=\"953\" height=\"550\" src=\"https:\/\/eve95ermont.com\/wp-content\/uploads\/2026\/04\/reception-mairie-avril-2026-2.png\" alt=\"\" class=\"wp-image-1525\" srcset=\"https:\/\/eve95ermont.com\/wp-content\/uploads\/2026\/04\/reception-mairie-avril-2026-2.png 953w, https:\/\/eve95ermont.com\/wp-content\/uploads\/2026\/04\/reception-mairie-avril-2026-2-300x173.png 300w, https:\/\/eve95ermont.com\/wp-content\/uploads\/2026\/04\/reception-mairie-avril-2026-2-768x443.png 768w\" sizes=\"auto, (max-width: 953px) 100vw, 953px\" \/><\/figure>\n<\/div><\/div><\/div>\n\n\n\n<p>Lors de cette r\u00e9ception, le maire d\u2019Ermont, Monsieur Xavier Haquin, a confirm\u00e9 son engagement en faveur de l\u2019organisation de la f\u00eate des jumelages \u00e0 Ermont en 2027.<\/p>\n\n\n\n<p><\/p>\n\n\n\n<p>La journ\u00e9e s\u2019est conclue par un d\u00eener dans les familles.<\/p>\n\n\n\n<p><\/p>\n\n\n\n<h2 class=\"wp-block-heading\"><strong>Le jeudi 9 avril<\/strong><\/h2>\n\n\n\n<p>a \u00e9t\u00e9 consacr\u00e9 \u00e0 la d\u00e9couverte de Paris. Le groupe s\u2019est retrouv\u00e9 en gare de Cernay avant de se rendre aux Invalides, puis de visiter le Petit Palais. Une balade en bateau-mouche sur la Seine a ensuite permis de faire d\u00e9couvrir ou red\u00e9couvrir la capitale aux participants. <\/p>\n\n\n\n<p>La promenade s\u2019est poursuivie au Trocad\u00e9ro et \u00e0 la Tour Eiffel, avant un retour \u00e0 Ermont pour un d\u00eener en famille<\/p>\n\n\n\n<figure class=\"wp-block-gallery has-nested-images columns-default is-cropped wp-block-gallery-2 is-layout-flex wp-block-gallery-is-layout-flex\">\n<figure class=\"wp-block-image size-large is-resized\"><img loading=\"lazy\" decoding=\"async\" width=\"485\" height=\"641\" data-id=\"1527\" src=\"https:\/\/eve95ermont.com\/wp-content\/uploads\/2026\/04\/picnic-avant-bateau-mouche-2026.png\" alt=\"\" class=\"wp-image-1527\" style=\"width:378px;height:auto\" srcset=\"https:\/\/eve95ermont.com\/wp-content\/uploads\/2026\/04\/picnic-avant-bateau-mouche-2026.png 485w, https:\/\/eve95ermont.com\/wp-content\/uploads\/2026\/04\/picnic-avant-bateau-mouche-2026-227x300.png 227w\" sizes=\"auto, (max-width: 485px) 100vw, 485px\" \/><\/figure>\n\n\n\n<figure class=\"wp-block-image size-large\"><img loading=\"lazy\" decoding=\"async\" width=\"483\" height=\"646\" data-id=\"1528\" src=\"https:\/\/eve95ermont.com\/wp-content\/uploads\/2026\/04\/visite-petit-palais-avril-2026-1.png\" alt=\"\" class=\"wp-image-1528\" srcset=\"https:\/\/eve95ermont.com\/wp-content\/uploads\/2026\/04\/visite-petit-palais-avril-2026-1.png 483w, https:\/\/eve95ermont.com\/wp-content\/uploads\/2026\/04\/visite-petit-palais-avril-2026-1-224x300.png 224w\" sizes=\"auto, (max-width: 483px) 100vw, 483px\" \/><\/figure>\n<\/figure>\n\n\n<div class=\"wp-block-image\">\n<figure class=\"aligncenter size-full\"><img loading=\"lazy\" decoding=\"async\" width=\"861\" height=\"639\" src=\"https:\/\/eve95ermont.com\/wp-content\/uploads\/2026\/04\/bateau-mouche.png\" alt=\"\" class=\"wp-image-1550\" srcset=\"https:\/\/eve95ermont.com\/wp-content\/uploads\/2026\/04\/bateau-mouche.png 861w, https:\/\/eve95ermont.com\/wp-content\/uploads\/2026\/04\/bateau-mouche-300x223.png 300w, https:\/\/eve95ermont.com\/wp-content\/uploads\/2026\/04\/bateau-mouche-768x570.png 768w\" sizes=\"auto, (max-width: 861px) 100vw, 861px\" \/><\/figure>\n<\/div>\n\n\n<h2 class=\"wp-block-heading\"><strong>Le vendredi 10 avril<\/strong>,<\/h2>\n\n\n\n<p><\/p>\n\n\n\n<p>les participants ont poursuivi leur immersion parisienne avec la d\u00e9couverte du quartier du Luxembourg (Panth\u00e9on, Sorbonne\u2026). Ils ont ensuite visit\u00e9 le S\u00e9nat, au palais du Luxembourg. Cette visite leur a permis de mieux comprendre le fonctionnement de cette institution, de d\u00e9couvrir l\u2019h\u00e9micycle ainsi que la biblioth\u00e8que. Apr\u00e8s un pique-nique dans le jardin du Luxembourg, ils ont poursuivi leur journ\u00e9e avec la visite de la cath\u00e9drale Notre-Dame de Paris et une halte devant la pyramide du Louvre.<\/p>\n\n\n<div class=\"wp-block-image\">\n<figure class=\"aligncenter size-large is-resized\"><img loading=\"lazy\" decoding=\"async\" width=\"647\" height=\"465\" src=\"https:\/\/eve95ermont.com\/wp-content\/uploads\/2026\/04\/gare-du-nord-avril-2026.png\" alt=\"\" class=\"wp-image-1529\" style=\"aspect-ratio:1.391461542271309;width:819px;height:auto\" srcset=\"https:\/\/eve95ermont.com\/wp-content\/uploads\/2026\/04\/gare-du-nord-avril-2026.png 647w, https:\/\/eve95ermont.com\/wp-content\/uploads\/2026\/04\/gare-du-nord-avril-2026-300x216.png 300w\" sizes=\"auto, (max-width: 647px) 100vw, 647px\" \/><\/figure>\n<\/div>\n\n<div class=\"wp-block-image\">\n<figure class=\"aligncenter size-large\"><img loading=\"lazy\" decoding=\"async\" width=\"1024\" height=\"763\" src=\"https:\/\/eve95ermont.com\/wp-content\/uploads\/2026\/04\/senat-avril-2026-4-1024x763.png\" alt=\"\" class=\"wp-image-1556\" srcset=\"https:\/\/eve95ermont.com\/wp-content\/uploads\/2026\/04\/senat-avril-2026-4-1024x763.png 1024w, https:\/\/eve95ermont.com\/wp-content\/uploads\/2026\/04\/senat-avril-2026-4-300x224.png 300w, https:\/\/eve95ermont.com\/wp-content\/uploads\/2026\/04\/senat-avril-2026-4-768x572.png 768w, https:\/\/eve95ermont.com\/wp-content\/uploads\/2026\/04\/senat-avril-2026-4.png 1033w\" sizes=\"auto, (max-width: 1024px) 100vw, 1024px\" \/><\/figure>\n<\/div>\n\n\n<figure class=\"wp-block-gallery has-nested-images columns-default is-cropped wp-block-gallery-3 is-layout-flex wp-block-gallery-is-layout-flex\">\n<figure class=\"wp-block-image size-large\"><img loading=\"lazy\" decoding=\"async\" width=\"343\" height=\"465\" data-id=\"1530\" src=\"https:\/\/eve95ermont.com\/wp-content\/uploads\/2026\/04\/senat-avril-2026.png\" alt=\"\" class=\"wp-image-1530\" srcset=\"https:\/\/eve95ermont.com\/wp-content\/uploads\/2026\/04\/senat-avril-2026.png 343w, https:\/\/eve95ermont.com\/wp-content\/uploads\/2026\/04\/senat-avril-2026-221x300.png 221w\" sizes=\"auto, (max-width: 343px) 100vw, 343px\" \/><\/figure>\n\n\n\n<figure class=\"wp-block-image size-large\"><img loading=\"lazy\" decoding=\"async\" width=\"579\" height=\"748\" data-id=\"1557\" src=\"https:\/\/eve95ermont.com\/wp-content\/uploads\/2026\/04\/senat-avril-2026-3.png\" alt=\"\" class=\"wp-image-1557\" srcset=\"https:\/\/eve95ermont.com\/wp-content\/uploads\/2026\/04\/senat-avril-2026-3.png 579w, https:\/\/eve95ermont.com\/wp-content\/uploads\/2026\/04\/senat-avril-2026-3-232x300.png 232w\" sizes=\"auto, (max-width: 579px) 100vw, 579px\" \/><\/figure>\n\n\n\n<figure class=\"wp-block-image size-large\"><img loading=\"lazy\" decoding=\"async\" width=\"276\" height=\"470\" data-id=\"1531\" src=\"https:\/\/eve95ermont.com\/wp-content\/uploads\/2026\/04\/senat-avril-2026-2.png\" alt=\"\" class=\"wp-image-1531\" srcset=\"https:\/\/eve95ermont.com\/wp-content\/uploads\/2026\/04\/senat-avril-2026-2.png 276w, https:\/\/eve95ermont.com\/wp-content\/uploads\/2026\/04\/senat-avril-2026-2-176x300.png 176w\" sizes=\"auto, (max-width: 276px) 100vw, 276px\" \/><\/figure>\n<\/figure>\n\n\n\n<figure class=\"wp-block-gallery has-nested-images columns-default is-cropped wp-block-gallery-4 is-layout-flex wp-block-gallery-is-layout-flex\">\n<figure class=\"wp-block-image size-large\"><img loading=\"lazy\" decoding=\"async\" width=\"859\" height=\"640\" data-id=\"1549\" src=\"https:\/\/eve95ermont.com\/wp-content\/uploads\/2026\/04\/luxembourg.png\" alt=\"\" class=\"wp-image-1549\" srcset=\"https:\/\/eve95ermont.com\/wp-content\/uploads\/2026\/04\/luxembourg.png 859w, https:\/\/eve95ermont.com\/wp-content\/uploads\/2026\/04\/luxembourg-300x224.png 300w, https:\/\/eve95ermont.com\/wp-content\/uploads\/2026\/04\/luxembourg-768x572.png 768w\" sizes=\"auto, (max-width: 859px) 100vw, 859px\" \/><\/figure>\n\n\n\n<figure class=\"wp-block-image size-large\"><img loading=\"lazy\" decoding=\"async\" width=\"861\" height=\"647\" data-id=\"1548\" src=\"https:\/\/eve95ermont.com\/wp-content\/uploads\/2026\/04\/luxembourg-2.png\" alt=\"\" class=\"wp-image-1548\" srcset=\"https:\/\/eve95ermont.com\/wp-content\/uploads\/2026\/04\/luxembourg-2.png 861w, https:\/\/eve95ermont.com\/wp-content\/uploads\/2026\/04\/luxembourg-2-300x225.png 300w, https:\/\/eve95ermont.com\/wp-content\/uploads\/2026\/04\/luxembourg-2-768x577.png 768w\" sizes=\"auto, (max-width: 861px) 100vw, 861px\" \/><\/figure>\n<\/figure>\n\n\n\n<p>La journ\u00e9e s\u2019est termin\u00e9e par un concert du groupe A Stonda de chant polphonique corse traditionnel  \u00e0 l\u2019\u00e9glise Saint Flaive d\u2019Ermont et un d\u00e9jeuner en famille.<\/p>\n\n\n<div class=\"wp-block-image\">\n<figure class=\"aligncenter size-full\"><img loading=\"lazy\" decoding=\"async\" width=\"447\" height=\"805\" src=\"https:\/\/eve95ermont.com\/wp-content\/uploads\/2026\/04\/concert-avril-2026-1.png\" alt=\"\n\nhttps:\/\/www.facebook.com\/astondapolyphonies\" class=\"wp-image-1533\" srcset=\"https:\/\/eve95ermont.com\/wp-content\/uploads\/2026\/04\/concert-avril-2026-1.png 447w, https:\/\/eve95ermont.com\/wp-content\/uploads\/2026\/04\/concert-avril-2026-1-167x300.png 167w\" sizes=\"auto, (max-width: 447px) 100vw, 447px\" \/><\/figure>\n<\/div>\n\n\n<p><a href=\"https:\/\/www.ermont.fr\/2253-4618\/agenda\/fiche\/concert-polyphonies-corses-association-acpase.htm\">https:\/\/www.ermont.fr\/2253-4618\/agenda\/fiche\/concert-polyphonies-corses-association-acpase.htm<\/a><\/p>\n\n\n\n<p><\/p>\n\n\n\n<h2 class=\"wp-block-heading\"><strong>Le samedi 11 avril<\/strong>, <\/h2>\n\n\n\n<p><\/p>\n\n\n\n<p>la matin\u00e9e a d\u00e9but\u00e9 par un temps libre au march\u00e9 d\u2019Ermont, permettant \u00e0 chacun de faire quelques achats, suivi d\u2019un d\u00e9jeuner en famille.<\/p>\n\n\n\n<p>L\u2019apr\u00e8s-midi, un atelier cuisine a \u00e9t\u00e9 organis\u00e9 \u00e0 la salle de l\u2019Arche. Les participants ont pr\u00e9par\u00e9 divers plats : tortilla, Empanada de Loja, velout\u00e9 de carrote au curry, poulet \u00e0 l\u2019espagnole, mousse au chocolat et pierogis (ravioles polonaises).<\/p>\n\n\n\n<p><\/p>\n\n\n\n<figure class=\"wp-block-gallery has-nested-images columns-default is-cropped wp-block-gallery-5 is-layout-flex wp-block-gallery-is-layout-flex\">\n<figure class=\"wp-block-image size-large\"><img loading=\"lazy\" decoding=\"async\" width=\"536\" height=\"390\" data-id=\"1535\" src=\"https:\/\/eve95ermont.com\/wp-content\/uploads\/2026\/04\/atelier-cuisine-avril-2026-6.png\" alt=\"\" class=\"wp-image-1535\" srcset=\"https:\/\/eve95ermont.com\/wp-content\/uploads\/2026\/04\/atelier-cuisine-avril-2026-6.png 536w, https:\/\/eve95ermont.com\/wp-content\/uploads\/2026\/04\/atelier-cuisine-avril-2026-6-300x218.png 300w\" sizes=\"auto, (max-width: 536px) 100vw, 536px\" \/><\/figure>\n\n\n\n<figure class=\"wp-block-image size-large\"><img loading=\"lazy\" decoding=\"async\" width=\"605\" height=\"341\" data-id=\"1540\" src=\"https:\/\/eve95ermont.com\/wp-content\/uploads\/2026\/04\/atelier-cuisine-avril-2026-1.png\" alt=\"\" class=\"wp-image-1540\" srcset=\"https:\/\/eve95ermont.com\/wp-content\/uploads\/2026\/04\/atelier-cuisine-avril-2026-1.png 605w, https:\/\/eve95ermont.com\/wp-content\/uploads\/2026\/04\/atelier-cuisine-avril-2026-1-300x169.png 300w\" sizes=\"auto, (max-width: 605px) 100vw, 605px\" \/><\/figure>\n\n\n\n<figure class=\"wp-block-image size-large\"><img loading=\"lazy\" decoding=\"async\" width=\"601\" height=\"337\" data-id=\"1536\" src=\"https:\/\/eve95ermont.com\/wp-content\/uploads\/2026\/04\/atelier-cuisine-avril-2026-2.png\" alt=\"\" class=\"wp-image-1536\" srcset=\"https:\/\/eve95ermont.com\/wp-content\/uploads\/2026\/04\/atelier-cuisine-avril-2026-2.png 601w, https:\/\/eve95ermont.com\/wp-content\/uploads\/2026\/04\/atelier-cuisine-avril-2026-2-300x168.png 300w\" sizes=\"auto, (max-width: 601px) 100vw, 601px\" \/><\/figure>\n\n\n\n<figure class=\"wp-block-image size-large\"><img loading=\"lazy\" decoding=\"async\" width=\"575\" height=\"319\" data-id=\"1538\" src=\"https:\/\/eve95ermont.com\/wp-content\/uploads\/2026\/04\/atelier-cuisine-avril-2026-3.png\" alt=\"\" class=\"wp-image-1538\" srcset=\"https:\/\/eve95ermont.com\/wp-content\/uploads\/2026\/04\/atelier-cuisine-avril-2026-3.png 575w, https:\/\/eve95ermont.com\/wp-content\/uploads\/2026\/04\/atelier-cuisine-avril-2026-3-300x166.png 300w\" sizes=\"auto, (max-width: 575px) 100vw, 575px\" \/><\/figure>\n\n\n\n<figure class=\"wp-block-image size-large\"><img loading=\"lazy\" decoding=\"async\" width=\"516\" height=\"325\" data-id=\"1539\" src=\"https:\/\/eve95ermont.com\/wp-content\/uploads\/2026\/04\/atelier-cuisine-avril-2026-4.png\" alt=\"\" class=\"wp-image-1539\" srcset=\"https:\/\/eve95ermont.com\/wp-content\/uploads\/2026\/04\/atelier-cuisine-avril-2026-4.png 516w, https:\/\/eve95ermont.com\/wp-content\/uploads\/2026\/04\/atelier-cuisine-avril-2026-4-300x189.png 300w\" sizes=\"auto, (max-width: 516px) 100vw, 516px\" \/><\/figure>\n\n\n\n<figure class=\"wp-block-image size-large\"><img loading=\"lazy\" decoding=\"async\" width=\"546\" height=\"386\" data-id=\"1537\" src=\"https:\/\/eve95ermont.com\/wp-content\/uploads\/2026\/04\/atelier-cuisine-avril-2026-5.png\" alt=\"\" class=\"wp-image-1537\" srcset=\"https:\/\/eve95ermont.com\/wp-content\/uploads\/2026\/04\/atelier-cuisine-avril-2026-5.png 546w, https:\/\/eve95ermont.com\/wp-content\/uploads\/2026\/04\/atelier-cuisine-avril-2026-5-300x212.png 300w\" sizes=\"auto, (max-width: 546px) 100vw, 546px\" \/><\/figure>\n<\/figure>\n\n\n\n<p><\/p>\n\n\n\n<p>En soir\u00e9e, tous se sont retrouv\u00e9s pour partager ces plats lors d\u2019un d\u00eener festif, anim\u00e9 par DJ Fabrice, qui s\u2019est prolong\u00e9 tard dans la nuit dans une ambiance chaleureuse.<\/p>\n\n\n<div class=\"wp-block-image\">\n<figure class=\"aligncenter size-large\"><img loading=\"lazy\" decoding=\"async\" width=\"1024\" height=\"536\" src=\"https:\/\/eve95ermont.com\/wp-content\/uploads\/2026\/04\/soiree-avril-2026-1024x536.png\" alt=\"\" class=\"wp-image-1541\" srcset=\"https:\/\/eve95ermont.com\/wp-content\/uploads\/2026\/04\/soiree-avril-2026-1024x536.png 1024w, https:\/\/eve95ermont.com\/wp-content\/uploads\/2026\/04\/soiree-avril-2026-300x157.png 300w, https:\/\/eve95ermont.com\/wp-content\/uploads\/2026\/04\/soiree-avril-2026-768x402.png 768w, https:\/\/eve95ermont.com\/wp-content\/uploads\/2026\/04\/soiree-avril-2026.png 1199w\" sizes=\"auto, (max-width: 1024px) 100vw, 1024px\" \/><\/figure>\n<\/div>\n\n\n<p>\u00c0 cette occasion, l\u2019association ADEL, l\u2019association de Loja et l\u2019association polonaise de \u015awidnica ont sign\u00e9 une lettre d\u2019intention de collaboration mutuelle, propos\u00e9e par leurs partenaires polonais.<br><br><\/p>\n\n\n\n<figure class=\"wp-block-gallery has-nested-images columns-default is-cropped wp-block-gallery-6 is-layout-flex wp-block-gallery-is-layout-flex\">\n<figure class=\"wp-block-image size-large\"><img loading=\"lazy\" decoding=\"async\" width=\"851\" height=\"644\" data-id=\"1542\" src=\"https:\/\/eve95ermont.com\/wp-content\/uploads\/2026\/04\/soiree-avril-2026-4.png\" alt=\"\" class=\"wp-image-1542\" srcset=\"https:\/\/eve95ermont.com\/wp-content\/uploads\/2026\/04\/soiree-avril-2026-4.png 851w, https:\/\/eve95ermont.com\/wp-content\/uploads\/2026\/04\/soiree-avril-2026-4-300x227.png 300w, https:\/\/eve95ermont.com\/wp-content\/uploads\/2026\/04\/soiree-avril-2026-4-768x581.png 768w\" sizes=\"auto, (max-width: 851px) 100vw, 851px\" \/><\/figure>\n\n\n\n<figure class=\"wp-block-image size-large\"><img loading=\"lazy\" decoding=\"async\" width=\"844\" height=\"477\" data-id=\"1543\" src=\"https:\/\/eve95ermont.com\/wp-content\/uploads\/2026\/04\/soiree-avril-2026-2.png\" alt=\"\" class=\"wp-image-1543\" srcset=\"https:\/\/eve95ermont.com\/wp-content\/uploads\/2026\/04\/soiree-avril-2026-2.png 844w, https:\/\/eve95ermont.com\/wp-content\/uploads\/2026\/04\/soiree-avril-2026-2-300x170.png 300w, https:\/\/eve95ermont.com\/wp-content\/uploads\/2026\/04\/soiree-avril-2026-2-768x434.png 768w\" sizes=\"auto, (max-width: 844px) 100vw, 844px\" \/><\/figure>\n\n\n\n<figure class=\"wp-block-image size-large\"><img loading=\"lazy\" decoding=\"async\" width=\"846\" height=\"473\" data-id=\"1544\" src=\"https:\/\/eve95ermont.com\/wp-content\/uploads\/2026\/04\/soiree-avril-2026-3.png\" alt=\"\" class=\"wp-image-1544\" srcset=\"https:\/\/eve95ermont.com\/wp-content\/uploads\/2026\/04\/soiree-avril-2026-3.png 846w, https:\/\/eve95ermont.com\/wp-content\/uploads\/2026\/04\/soiree-avril-2026-3-300x168.png 300w, https:\/\/eve95ermont.com\/wp-content\/uploads\/2026\/04\/soiree-avril-2026-3-768x429.png 768w\" sizes=\"auto, (max-width: 846px) 100vw, 846px\" \/><\/figure>\n<\/figure>\n\n\n<div class=\"wp-block-image\">\n<figure class=\"aligncenter size-full\"><img loading=\"lazy\" decoding=\"async\" width=\"580\" height=\"773\" src=\"https:\/\/eve95ermont.com\/wp-content\/uploads\/2026\/04\/soiree-avril-2026-5.png\" alt=\"\" class=\"wp-image-1560\" srcset=\"https:\/\/eve95ermont.com\/wp-content\/uploads\/2026\/04\/soiree-avril-2026-5.png 580w, https:\/\/eve95ermont.com\/wp-content\/uploads\/2026\/04\/soiree-avril-2026-5-225x300.png 225w\" sizes=\"auto, (max-width: 580px) 100vw, 580px\" \/><\/figure>\n<\/div>\n\n\n<p><\/p>\n\n\n\n<h2 class=\"wp-block-heading\"><strong>Le dimanche 12 avril<\/strong><\/h2>\n\n\n\n<p>a \u00e9t\u00e9 laiss\u00e9 libre afin que chacun puisse profiter de moments en famille. Certains participants en ont profit\u00e9 pour visiter Auvers-sur-Oise, ville associ\u00e9e \u00e0 Vincent van Gogh, d\u2019autres sont all\u00e9s \u00e0 Montmartre.<\/p>\n\n\n\n<p><\/p>\n\n\n<div class=\"wp-block-image\">\n<figure class=\"aligncenter size-full\"><img loading=\"lazy\" decoding=\"async\" width=\"852\" height=\"639\" src=\"https:\/\/eve95ermont.com\/wp-content\/uploads\/2026\/04\/dimanche-en-famille-avril-2026.png\" alt=\"\" class=\"wp-image-1545\" srcset=\"https:\/\/eve95ermont.com\/wp-content\/uploads\/2026\/04\/dimanche-en-famille-avril-2026.png 852w, https:\/\/eve95ermont.com\/wp-content\/uploads\/2026\/04\/dimanche-en-famille-avril-2026-300x225.png 300w, https:\/\/eve95ermont.com\/wp-content\/uploads\/2026\/04\/dimanche-en-famille-avril-2026-768x576.png 768w\" sizes=\"auto, (max-width: 852px) 100vw, 852px\" \/><\/figure>\n<\/div>\n\n<div class=\"wp-block-image\">\n<figure class=\"aligncenter size-full\"><img loading=\"lazy\" decoding=\"async\" width=\"701\" height=\"427\" src=\"https:\/\/eve95ermont.com\/wp-content\/uploads\/2026\/04\/auvers-sur-oise.png\" alt=\"\" class=\"wp-image-1551\" srcset=\"https:\/\/eve95ermont.com\/wp-content\/uploads\/2026\/04\/auvers-sur-oise.png 701w, https:\/\/eve95ermont.com\/wp-content\/uploads\/2026\/04\/auvers-sur-oise-300x183.png 300w\" sizes=\"auto, (max-width: 701px) 100vw, 701px\" \/><\/figure>\n<\/div>\n\n\n<p><\/p>\n\n\n\n<p>L\u2019association de Jumelage Polonaise en a profit\u00e9 pour rendre visite \u00e0 l\u2019\u00e9cole Polonaise d\u2019Argenteuil que l\u2019une des membres cadette d\u2019EVE fr\u00e9quente. Une pr\u00e9sentation de l\u2019\u00e9cole a \u00e9t\u00e9 faite, des cadeaux \u00e0 but p\u00e9dagogique ont \u00e9t\u00e9 offert \u00e0 l\u2019association en charge de la gestion de l\u2019\u00e9cole ont \u00e9t\u00e9 offert \u00e0 l\u2019\u00e9cole et un \u00e9change d\u2019intention concernant des initiatives futures en Pologne dans la r\u00e9gion de Swidnica ont \u00e9t\u00e9 formul\u00e9e (Colonie de vacances, \u00e9changes culturelles, pr\u00e9sentations du groupe des groupes de danses, etc\u2026)<\/p>\n\n\n<div class=\"wp-block-image\">\n<figure class=\"aligncenter size-full\"><img loading=\"lazy\" decoding=\"async\" width=\"735\" height=\"584\" src=\"https:\/\/eve95ermont.com\/wp-content\/uploads\/2026\/04\/visite-ecole-polonaise-avril-2026.png\" alt=\"\" class=\"wp-image-1552\" srcset=\"https:\/\/eve95ermont.com\/wp-content\/uploads\/2026\/04\/visite-ecole-polonaise-avril-2026.png 735w, https:\/\/eve95ermont.com\/wp-content\/uploads\/2026\/04\/visite-ecole-polonaise-avril-2026-300x238.png 300w\" sizes=\"auto, (max-width: 735px) 100vw, 735px\" \/><\/figure>\n<\/div>\n\n<div class=\"wp-block-image\">\n<figure class=\"aligncenter size-full is-resized\"><img loading=\"lazy\" decoding=\"async\" width=\"694\" height=\"690\" src=\"https:\/\/eve95ermont.com\/wp-content\/uploads\/2026\/04\/image.png\" alt=\"\" class=\"wp-image-1561\" style=\"aspect-ratio:1.0058200099642194;width:230px;height:auto\" srcset=\"https:\/\/eve95ermont.com\/wp-content\/uploads\/2026\/04\/image.png 694w, https:\/\/eve95ermont.com\/wp-content\/uploads\/2026\/04\/image-300x298.png 300w, https:\/\/eve95ermont.com\/wp-content\/uploads\/2026\/04\/image-150x150.png 150w\" sizes=\"auto, (max-width: 694px) 100vw, 694px\" \/><\/figure>\n<\/div>\n\n\n<p class=\"has-text-align-center\"><a href=\"https:\/\/www.facebook.com\/groups\/286563172277146\/permalink\/2054953492104763\/?rdid=7GSCYvyKFvrw1GIM#\">Szkola Polska w Argenteuil- k\u0105cik rodzicow. | Facebook<\/a><\/p>\n\n\n\n<h2 class=\"wp-block-heading\">Enfin, <strong>le lundi 13 avril<\/strong>,<\/h2>\n\n\n\n<p>les participants se sont retrouv\u00e9s dans la matin\u00e9e pour une visite du moulin d\u2019Orgemont \u00e0 Argenteuil, avant de partager un dernier d\u00e9jeuner au restaurant Le Paradis \u00e0 Taverny, offert par l\u2019association.<\/p>\n\n\n\n<p>Lors de ce d\u00e9jeuner, E.V.E et l\u2019association de \u015awidnica ont \u00e9galement sign\u00e9 une lettre d\u2019intention commune.<\/p>\n\n\n\n<figure class=\"wp-block-gallery has-nested-images columns-default is-cropped wp-block-gallery-7 is-layout-flex wp-block-gallery-is-layout-flex\">\n<figure class=\"wp-block-image size-large is-resized\"><img loading=\"lazy\" decoding=\"async\" width=\"717\" height=\"406\" data-id=\"1553\" src=\"https:\/\/eve95ermont.com\/wp-content\/uploads\/2026\/04\/signature-lettre-intention-eve-swidnica.png\" alt=\"\" class=\"wp-image-1553\" style=\"width:433px;height:auto\" srcset=\"https:\/\/eve95ermont.com\/wp-content\/uploads\/2026\/04\/signature-lettre-intention-eve-swidnica.png 717w, https:\/\/eve95ermont.com\/wp-content\/uploads\/2026\/04\/signature-lettre-intention-eve-swidnica-300x170.png 300w\" sizes=\"auto, (max-width: 717px) 100vw, 717px\" \/><\/figure>\n\n\n\n<figure class=\"wp-block-image size-large\"><img loading=\"lazy\" decoding=\"async\" width=\"647\" height=\"412\" data-id=\"1554\" src=\"https:\/\/eve95ermont.com\/wp-content\/uploads\/2026\/04\/paradis-avril-2026.png\" alt=\"\" class=\"wp-image-1554\" srcset=\"https:\/\/eve95ermont.com\/wp-content\/uploads\/2026\/04\/paradis-avril-2026.png 647w, https:\/\/eve95ermont.com\/wp-content\/uploads\/2026\/04\/paradis-avril-2026-300x191.png 300w\" sizes=\"auto, (max-width: 647px) 100vw, 647px\" \/><\/figure>\n<\/figure>\n\n\n<div class=\"wp-block-image\">\n<figure class=\"aligncenter size-full is-resized\"><img loading=\"lazy\" decoding=\"async\" width=\"764\" height=\"280\" src=\"https:\/\/eve95ermont.com\/wp-content\/uploads\/2026\/04\/restaurant-avril-2026.png\" alt=\"Revivez les temps forts du s\u00e9jour organis\u00e9 par l'association E.V.E du 8 au 13 avril 2026. Entre r\u00e9ceptions officielles pour les 25 ans de jumelage, visites culturelles au S\u00e9nat et \u00e0 Notre-Dame, et ateliers cuisine conviviaux, Ermont a vibr\u00e9 au rythme de l'amiti\u00e9 avec nos amis de Loja et \u015awidnica. Un \u00e9change inoubliable plac\u00e9 sous le signe du partage !\" class=\"wp-image-1555\" style=\"aspect-ratio:2.7288201808237527;width:840px;height:auto\" srcset=\"https:\/\/eve95ermont.com\/wp-content\/uploads\/2026\/04\/restaurant-avril-2026.png 764w, https:\/\/eve95ermont.com\/wp-content\/uploads\/2026\/04\/restaurant-avril-2026-300x110.png 300w\" sizes=\"auto, (max-width: 764px) 100vw, 764px\" \/><\/figure>\n<\/div>\n\n\n<p>Dans l\u2019apr\u00e8s-midi, les participants polonais ont pris la route vers l\u2019a\u00e9roport de Beauvais pour leur vol retour vers Wroc\u0142aw, tandis que les Espagnols ont \u00e9t\u00e9 conduits en fin de journ\u00e9e \u00e0 Orly pour leur vol \u00e0 destination de Malaga.<\/p>\n\n\n\n<p>Ce s\u00e9jour, plac\u00e9 sous le signe de l\u2019amiti\u00e9 et du partage culturel, s\u2019est achev\u00e9 dans une atmosph\u00e8re empreinte d\u2019\u00e9motion, laissant \u00e0 chacun de pr\u00e9cieux souvenirs.<\/p>\n\n\n\n<p><\/p>\n","protected":false},"excerpt":{"rendered":"<p>Revivez les temps forts du s\u00e9jour organis\u00e9 par l&rsquo;association E.V.E du 8 au 13 avril 2026. Entre r\u00e9ceptions officielles pour les 25 ans de jumelage, visites culturelles au S\u00e9nat et \u00e0 Notre-Dame, et ateliers cuisine conviviaux, Ermont a vibr\u00e9 au rythme de l&rsquo;amiti\u00e9 avec nos amis de Loja et \u015awidnica. Un \u00e9change inoubliable plac\u00e9 sous le signe du partage !<\/p>\n","protected":false},"author":2,"featured_media":1565,"comment_status":"closed","ping_status":"closed","sticky":false,"template":"","format":"standard","meta":{"footnotes":""},"categories":[35],"tags":[34],"class_list":["post-1523","post","type-post","status-publish","format-standard","has-post-thumbnail","hentry","category-blog","tag-actualite"],"yoast_head":"<!-- This site is optimized with the Yoast SEO plugin v27.4 - https:\/\/yoast.com\/product\/yoast-seo-wordpress\/ -->\n<title>S\u00e9jour Jumelage \u00e0 Ermont : Accueil de Loja et \u015awidnica | E.V.E du 8 au 13 Avril 2026 - Ermont Ville d&#039;Europe<\/title>\n<meta name=\"description\" content=\"Le r\u00e9cit du s\u00e9jour organis\u00e9 par l&#039;association Ermont Ville d\u2019Europe (E.V.E) du 8 au 13 avril 2026. Entre visites de Paris, S\u00e9nat et ateliers cuisine, c\u00e9l\u00e9brez 25 ans d&#039;amiti\u00e9 entre Ermont, Loja (Espagne) et \u015awidnica (Pologne).\" \/>\n<meta name=\"robots\" content=\"index, follow, max-snippet:-1, max-image-preview:large, max-video-preview:-1\" \/>\n<link rel=\"canonical\" href=\"https:\/\/eve95ermont.com\/index.php\/2026\/04\/26\/sejour-jumelage-ermont-loja-swidnica-2026\/\" \/>\n<meta property=\"og:locale\" content=\"fr_FR\" \/>\n<meta property=\"og:type\" content=\"article\" \/>\n<meta property=\"og:title\" content=\"S\u00e9jour Jumelage \u00e0 Ermont : Accueil de Loja et \u015awidnica | E.V.E du 8 au 13 Avril 2026 - Ermont Ville d&#039;Europe\" \/>\n<meta property=\"og:description\" content=\"Le r\u00e9cit du s\u00e9jour organis\u00e9 par l&#039;association Ermont Ville d\u2019Europe (E.V.E) du 8 au 13 avril 2026. Entre visites de Paris, S\u00e9nat et ateliers cuisine, c\u00e9l\u00e9brez 25 ans d&#039;amiti\u00e9 entre Ermont, Loja (Espagne) et \u015awidnica (Pologne).\" \/>\n<meta property=\"og:url\" content=\"https:\/\/eve95ermont.com\/index.php\/2026\/04\/26\/sejour-jumelage-ermont-loja-swidnica-2026\/\" \/>\n<meta property=\"og:site_name\" content=\"Ermont Ville d&#039;Europe\" \/>\n<meta property=\"article:published_time\" content=\"2026-04-26T17:31:12+00:00\" \/>\n<meta property=\"article:modified_time\" content=\"2026-04-26T18:35:55+00:00\" \/>\n<meta property=\"og:image\" content=\"http:\/\/eve95ermont.com\/wp-content\/uploads\/2026\/04\/loja-et-swidnica-a-ermont-2026.png\" \/>\n\t<meta property=\"og:image:width\" content=\"1920\" \/>\n\t<meta property=\"og:image:height\" content=\"1080\" \/>\n\t<meta property=\"og:image:type\" content=\"image\/png\" \/>\n<meta name=\"author\" content=\"Maximilien\" \/>\n<meta name=\"twitter:card\" content=\"summary_large_image\" \/>\n<meta name=\"twitter:label1\" content=\"\u00c9crit par\" \/>\n\t<meta name=\"twitter:data1\" content=\"Maximilien\" \/>\n\t<meta name=\"twitter:label2\" content=\"Dur\u00e9e de lecture estim\u00e9e\" \/>\n\t<meta name=\"twitter:data2\" content=\"11 minutes\" \/>\n<script type=\"application\/ld+json\" class=\"yoast-schema-graph\">{\"@context\":\"https:\\\/\\\/schema.org\",\"@graph\":[{\"@type\":\"Article\",\"@id\":\"https:\\\/\\\/eve95ermont.com\\\/index.php\\\/2026\\\/04\\\/26\\\/sejour-jumelage-ermont-loja-swidnica-2026\\\/#article\",\"isPartOf\":{\"@id\":\"https:\\\/\\\/eve95ermont.com\\\/index.php\\\/2026\\\/04\\\/26\\\/sejour-jumelage-ermont-loja-swidnica-2026\\\/\"},\"author\":{\"name\":\"Maximilien\",\"@id\":\"https:\\\/\\\/eve95ermont.com\\\/#\\\/schema\\\/person\\\/e72a6b4373234bdc3e1f79cb4fd86a7f\"},\"headline\":\"S\u00e9jour Jumelage \u00e0 Ermont : Accueil de Loja et \u015awidnica | E.V.E du 8 au 13 Avril 2026\",\"datePublished\":\"2026-04-26T17:31:12+00:00\",\"dateModified\":\"2026-04-26T18:35:55+00:00\",\"mainEntityOfPage\":{\"@id\":\"https:\\\/\\\/eve95ermont.com\\\/index.php\\\/2026\\\/04\\\/26\\\/sejour-jumelage-ermont-loja-swidnica-2026\\\/\"},\"wordCount\":892,\"publisher\":{\"@id\":\"https:\\\/\\\/eve95ermont.com\\\/#organization\"},\"image\":{\"@id\":\"https:\\\/\\\/eve95ermont.com\\\/index.php\\\/2026\\\/04\\\/26\\\/sejour-jumelage-ermont-loja-swidnica-2026\\\/#primaryimage\"},\"thumbnailUrl\":\"https:\\\/\\\/eve95ermont.com\\\/wp-content\\\/uploads\\\/2026\\\/04\\\/loja-et-swidnica-a-ermont-2026.png\",\"keywords\":[\"Actualit\u00e9\"],\"articleSection\":[\"Blog\"],\"inLanguage\":\"fr-FR\"},{\"@type\":\"WebPage\",\"@id\":\"https:\\\/\\\/eve95ermont.com\\\/index.php\\\/2026\\\/04\\\/26\\\/sejour-jumelage-ermont-loja-swidnica-2026\\\/\",\"url\":\"https:\\\/\\\/eve95ermont.com\\\/index.php\\\/2026\\\/04\\\/26\\\/sejour-jumelage-ermont-loja-swidnica-2026\\\/\",\"name\":\"S\u00e9jour Jumelage \u00e0 Ermont : Accueil de Loja et \u015awidnica | E.V.E du 8 au 13 Avril 2026 - Ermont Ville d&#039;Europe\",\"isPartOf\":{\"@id\":\"https:\\\/\\\/eve95ermont.com\\\/#website\"},\"primaryImageOfPage\":{\"@id\":\"https:\\\/\\\/eve95ermont.com\\\/index.php\\\/2026\\\/04\\\/26\\\/sejour-jumelage-ermont-loja-swidnica-2026\\\/#primaryimage\"},\"image\":{\"@id\":\"https:\\\/\\\/eve95ermont.com\\\/index.php\\\/2026\\\/04\\\/26\\\/sejour-jumelage-ermont-loja-swidnica-2026\\\/#primaryimage\"},\"thumbnailUrl\":\"https:\\\/\\\/eve95ermont.com\\\/wp-content\\\/uploads\\\/2026\\\/04\\\/loja-et-swidnica-a-ermont-2026.png\",\"datePublished\":\"2026-04-26T17:31:12+00:00\",\"dateModified\":\"2026-04-26T18:35:55+00:00\",\"description\":\"Le r\u00e9cit du s\u00e9jour organis\u00e9 par l'association Ermont Ville d\u2019Europe (E.V.E) du 8 au 13 avril 2026. Entre visites de Paris, S\u00e9nat et ateliers cuisine, c\u00e9l\u00e9brez 25 ans d'amiti\u00e9 entre Ermont, Loja (Espagne) et \u015awidnica (Pologne).\",\"breadcrumb\":{\"@id\":\"https:\\\/\\\/eve95ermont.com\\\/index.php\\\/2026\\\/04\\\/26\\\/sejour-jumelage-ermont-loja-swidnica-2026\\\/#breadcrumb\"},\"inLanguage\":\"fr-FR\",\"potentialAction\":[{\"@type\":\"ReadAction\",\"target\":[\"https:\\\/\\\/eve95ermont.com\\\/index.php\\\/2026\\\/04\\\/26\\\/sejour-jumelage-ermont-loja-swidnica-2026\\\/\"]}]},{\"@type\":\"ImageObject\",\"inLanguage\":\"fr-FR\",\"@id\":\"https:\\\/\\\/eve95ermont.com\\\/index.php\\\/2026\\\/04\\\/26\\\/sejour-jumelage-ermont-loja-swidnica-2026\\\/#primaryimage\",\"url\":\"https:\\\/\\\/eve95ermont.com\\\/wp-content\\\/uploads\\\/2026\\\/04\\\/loja-et-swidnica-a-ermont-2026.png\",\"contentUrl\":\"https:\\\/\\\/eve95ermont.com\\\/wp-content\\\/uploads\\\/2026\\\/04\\\/loja-et-swidnica-a-ermont-2026.png\",\"width\":1920,\"height\":1080,\"caption\":\"Loja et Swidnica \u00e0 Ermont 2026\"},{\"@type\":\"BreadcrumbList\",\"@id\":\"https:\\\/\\\/eve95ermont.com\\\/index.php\\\/2026\\\/04\\\/26\\\/sejour-jumelage-ermont-loja-swidnica-2026\\\/#breadcrumb\",\"itemListElement\":[{\"@type\":\"ListItem\",\"position\":1,\"name\":\"Accueil\",\"item\":\"https:\\\/\\\/eve95ermont.com\\\/\"},{\"@type\":\"ListItem\",\"position\":2,\"name\":\"S\u00e9jour Jumelage \u00e0 Ermont : Accueil de Loja et \u015awidnica | E.V.E du 8 au 13 Avril 2026\"}]},{\"@type\":\"WebSite\",\"@id\":\"https:\\\/\\\/eve95ermont.com\\\/#website\",\"url\":\"https:\\\/\\\/eve95ermont.com\\\/\",\"name\":\"Ermont Ville d&#039;Europe\",\"description\":\"L&#039;association de jumelage d&#039;Ermont\",\"publisher\":{\"@id\":\"https:\\\/\\\/eve95ermont.com\\\/#organization\"},\"potentialAction\":[{\"@type\":\"SearchAction\",\"target\":{\"@type\":\"EntryPoint\",\"urlTemplate\":\"https:\\\/\\\/eve95ermont.com\\\/?s={search_term_string}\"},\"query-input\":{\"@type\":\"PropertyValueSpecification\",\"valueRequired\":true,\"valueName\":\"search_term_string\"}}],\"inLanguage\":\"fr-FR\"},{\"@type\":\"Organization\",\"@id\":\"https:\\\/\\\/eve95ermont.com\\\/#organization\",\"name\":\"Ermont Ville d&#039;Europe\",\"url\":\"https:\\\/\\\/eve95ermont.com\\\/\",\"logo\":{\"@type\":\"ImageObject\",\"inLanguage\":\"fr-FR\",\"@id\":\"https:\\\/\\\/eve95ermont.com\\\/#\\\/schema\\\/logo\\\/image\\\/\",\"url\":\"https:\\\/\\\/eve95ermont.com\\\/wp-content\\\/uploads\\\/2023\\\/06\\\/cropped-logo-eve-proposition-gris-clair-contour-noir-v2.png\",\"contentUrl\":\"https:\\\/\\\/eve95ermont.com\\\/wp-content\\\/uploads\\\/2023\\\/06\\\/cropped-logo-eve-proposition-gris-clair-contour-noir-v2.png\",\"width\":1157,\"height\":709,\"caption\":\"Ermont Ville d&#039;Europe\"},\"image\":{\"@id\":\"https:\\\/\\\/eve95ermont.com\\\/#\\\/schema\\\/logo\\\/image\\\/\"}},{\"@type\":\"Person\",\"@id\":\"https:\\\/\\\/eve95ermont.com\\\/#\\\/schema\\\/person\\\/e72a6b4373234bdc3e1f79cb4fd86a7f\",\"name\":\"Maximilien\",\"image\":{\"@type\":\"ImageObject\",\"inLanguage\":\"fr-FR\",\"@id\":\"https:\\\/\\\/secure.gravatar.com\\\/avatar\\\/48e0777bd0d7ae02b0a5b6de8f8e6a676f07405de4b16911dc5fa3da85d2dc40?s=96&d=mm&r=g\",\"url\":\"https:\\\/\\\/secure.gravatar.com\\\/avatar\\\/48e0777bd0d7ae02b0a5b6de8f8e6a676f07405de4b16911dc5fa3da85d2dc40?s=96&d=mm&r=g\",\"contentUrl\":\"https:\\\/\\\/secure.gravatar.com\\\/avatar\\\/48e0777bd0d7ae02b0a5b6de8f8e6a676f07405de4b16911dc5fa3da85d2dc40?s=96&d=mm&r=g\",\"caption\":\"Maximilien\"},\"sameAs\":[\"http:\\\/\\\/eve95ermont.com\\\/\"],\"url\":\"https:\\\/\\\/eve95ermont.com\\\/index.php\\\/author\\\/maximilien\\\/\"}]}<\/script>\n<!-- \/ Yoast SEO plugin. -->","yoast_head_json":{"title":"S\u00e9jour Jumelage \u00e0 Ermont : Accueil de Loja et \u015awidnica | E.V.E du 8 au 13 Avril 2026 - Ermont Ville d&#039;Europe","description":"Le r\u00e9cit du s\u00e9jour organis\u00e9 par l'association Ermont Ville d\u2019Europe (E.V.E) du 8 au 13 avril 2026. Entre visites de Paris, S\u00e9nat et ateliers cuisine, c\u00e9l\u00e9brez 25 ans d'amiti\u00e9 entre Ermont, Loja (Espagne) et \u015awidnica (Pologne).","robots":{"index":"index","follow":"follow","max-snippet":"max-snippet:-1","max-image-preview":"max-image-preview:large","max-video-preview":"max-video-preview:-1"},"canonical":"https:\/\/eve95ermont.com\/index.php\/2026\/04\/26\/sejour-jumelage-ermont-loja-swidnica-2026\/","og_locale":"fr_FR","og_type":"article","og_title":"S\u00e9jour Jumelage \u00e0 Ermont : Accueil de Loja et \u015awidnica | E.V.E du 8 au 13 Avril 2026 - Ermont Ville d&#039;Europe","og_description":"Le r\u00e9cit du s\u00e9jour organis\u00e9 par l'association Ermont Ville d\u2019Europe (E.V.E) du 8 au 13 avril 2026. Entre visites de Paris, S\u00e9nat et ateliers cuisine, c\u00e9l\u00e9brez 25 ans d'amiti\u00e9 entre Ermont, Loja (Espagne) et \u015awidnica (Pologne).","og_url":"https:\/\/eve95ermont.com\/index.php\/2026\/04\/26\/sejour-jumelage-ermont-loja-swidnica-2026\/","og_site_name":"Ermont Ville d&#039;Europe","article_published_time":"2026-04-26T17:31:12+00:00","article_modified_time":"2026-04-26T18:35:55+00:00","og_image":[{"width":1920,"height":1080,"url":"http:\/\/eve95ermont.com\/wp-content\/uploads\/2026\/04\/loja-et-swidnica-a-ermont-2026.png","type":"image\/png"}],"author":"Maximilien","twitter_card":"summary_large_image","twitter_misc":{"\u00c9crit par":"Maximilien","Dur\u00e9e de lecture estim\u00e9e":"11 minutes"},"schema":{"@context":"https:\/\/schema.org","@graph":[{"@type":"Article","@id":"https:\/\/eve95ermont.com\/index.php\/2026\/04\/26\/sejour-jumelage-ermont-loja-swidnica-2026\/#article","isPartOf":{"@id":"https:\/\/eve95ermont.com\/index.php\/2026\/04\/26\/sejour-jumelage-ermont-loja-swidnica-2026\/"},"author":{"name":"Maximilien","@id":"https:\/\/eve95ermont.com\/#\/schema\/person\/e72a6b4373234bdc3e1f79cb4fd86a7f"},"headline":"S\u00e9jour Jumelage \u00e0 Ermont : Accueil de Loja et \u015awidnica | E.V.E du 8 au 13 Avril 2026","datePublished":"2026-04-26T17:31:12+00:00","dateModified":"2026-04-26T18:35:55+00:00","mainEntityOfPage":{"@id":"https:\/\/eve95ermont.com\/index.php\/2026\/04\/26\/sejour-jumelage-ermont-loja-swidnica-2026\/"},"wordCount":892,"publisher":{"@id":"https:\/\/eve95ermont.com\/#organization"},"image":{"@id":"https:\/\/eve95ermont.com\/index.php\/2026\/04\/26\/sejour-jumelage-ermont-loja-swidnica-2026\/#primaryimage"},"thumbnailUrl":"https:\/\/eve95ermont.com\/wp-content\/uploads\/2026\/04\/loja-et-swidnica-a-ermont-2026.png","keywords":["Actualit\u00e9"],"articleSection":["Blog"],"inLanguage":"fr-FR"},{"@type":"WebPage","@id":"https:\/\/eve95ermont.com\/index.php\/2026\/04\/26\/sejour-jumelage-ermont-loja-swidnica-2026\/","url":"https:\/\/eve95ermont.com\/index.php\/2026\/04\/26\/sejour-jumelage-ermont-loja-swidnica-2026\/","name":"S\u00e9jour Jumelage \u00e0 Ermont : Accueil de Loja et \u015awidnica | E.V.E du 8 au 13 Avril 2026 - Ermont Ville d&#039;Europe","isPartOf":{"@id":"https:\/\/eve95ermont.com\/#website"},"primaryImageOfPage":{"@id":"https:\/\/eve95ermont.com\/index.php\/2026\/04\/26\/sejour-jumelage-ermont-loja-swidnica-2026\/#primaryimage"},"image":{"@id":"https:\/\/eve95ermont.com\/index.php\/2026\/04\/26\/sejour-jumelage-ermont-loja-swidnica-2026\/#primaryimage"},"thumbnailUrl":"https:\/\/eve95ermont.com\/wp-content\/uploads\/2026\/04\/loja-et-swidnica-a-ermont-2026.png","datePublished":"2026-04-26T17:31:12+00:00","dateModified":"2026-04-26T18:35:55+00:00","description":"Le r\u00e9cit du s\u00e9jour organis\u00e9 par l'association Ermont Ville d\u2019Europe (E.V.E) du 8 au 13 avril 2026. Entre visites de Paris, S\u00e9nat et ateliers cuisine, c\u00e9l\u00e9brez 25 ans d'amiti\u00e9 entre Ermont, Loja (Espagne) et \u015awidnica (Pologne).","breadcrumb":{"@id":"https:\/\/eve95ermont.com\/index.php\/2026\/04\/26\/sejour-jumelage-ermont-loja-swidnica-2026\/#breadcrumb"},"inLanguage":"fr-FR","potentialAction":[{"@type":"ReadAction","target":["https:\/\/eve95ermont.com\/index.php\/2026\/04\/26\/sejour-jumelage-ermont-loja-swidnica-2026\/"]}]},{"@type":"ImageObject","inLanguage":"fr-FR","@id":"https:\/\/eve95ermont.com\/index.php\/2026\/04\/26\/sejour-jumelage-ermont-loja-swidnica-2026\/#primaryimage","url":"https:\/\/eve95ermont.com\/wp-content\/uploads\/2026\/04\/loja-et-swidnica-a-ermont-2026.png","contentUrl":"https:\/\/eve95ermont.com\/wp-content\/uploads\/2026\/04\/loja-et-swidnica-a-ermont-2026.png","width":1920,"height":1080,"caption":"Loja et Swidnica \u00e0 Ermont 2026"},{"@type":"BreadcrumbList","@id":"https:\/\/eve95ermont.com\/index.php\/2026\/04\/26\/sejour-jumelage-ermont-loja-swidnica-2026\/#breadcrumb","itemListElement":[{"@type":"ListItem","position":1,"name":"Accueil","item":"https:\/\/eve95ermont.com\/"},{"@type":"ListItem","position":2,"name":"S\u00e9jour Jumelage \u00e0 Ermont : Accueil de Loja et \u015awidnica | E.V.E du 8 au 13 Avril 2026"}]},{"@type":"WebSite","@id":"https:\/\/eve95ermont.com\/#website","url":"https:\/\/eve95ermont.com\/","name":"Ermont Ville d&#039;Europe","description":"L&#039;association de jumelage d&#039;Ermont","publisher":{"@id":"https:\/\/eve95ermont.com\/#organization"},"potentialAction":[{"@type":"SearchAction","target":{"@type":"EntryPoint","urlTemplate":"https:\/\/eve95ermont.com\/?s={search_term_string}"},"query-input":{"@type":"PropertyValueSpecification","valueRequired":true,"valueName":"search_term_string"}}],"inLanguage":"fr-FR"},{"@type":"Organization","@id":"https:\/\/eve95ermont.com\/#organization","name":"Ermont Ville d&#039;Europe","url":"https:\/\/eve95ermont.com\/","logo":{"@type":"ImageObject","inLanguage":"fr-FR","@id":"https:\/\/eve95ermont.com\/#\/schema\/logo\/image\/","url":"https:\/\/eve95ermont.com\/wp-content\/uploads\/2023\/06\/cropped-logo-eve-proposition-gris-clair-contour-noir-v2.png","contentUrl":"https:\/\/eve95ermont.com\/wp-content\/uploads\/2023\/06\/cropped-logo-eve-proposition-gris-clair-contour-noir-v2.png","width":1157,"height":709,"caption":"Ermont Ville d&#039;Europe"},"image":{"@id":"https:\/\/eve95ermont.com\/#\/schema\/logo\/image\/"}},{"@type":"Person","@id":"https:\/\/eve95ermont.com\/#\/schema\/person\/e72a6b4373234bdc3e1f79cb4fd86a7f","name":"Maximilien","image":{"@type":"ImageObject","inLanguage":"fr-FR","@id":"https:\/\/secure.gravatar.com\/avatar\/48e0777bd0d7ae02b0a5b6de8f8e6a676f07405de4b16911dc5fa3da85d2dc40?s=96&d=mm&r=g","url":"https:\/\/secure.gravatar.com\/avatar\/48e0777bd0d7ae02b0a5b6de8f8e6a676f07405de4b16911dc5fa3da85d2dc40?s=96&d=mm&r=g","contentUrl":"https:\/\/secure.gravatar.com\/avatar\/48e0777bd0d7ae02b0a5b6de8f8e6a676f07405de4b16911dc5fa3da85d2dc40?s=96&d=mm&r=g","caption":"Maximilien"},"sameAs":["http:\/\/eve95ermont.com\/"],"url":"https:\/\/eve95ermont.com\/index.php\/author\/maximilien\/"}]}},"_links":{"self":[{"href":"https:\/\/eve95ermont.com\/index.php\/wp-json\/wp\/v2\/posts\/1523","targetHints":{"allow":["GET"]}}],"collection":[{"href":"https:\/\/eve95ermont.com\/index.php\/wp-json\/wp\/v2\/posts"}],"about":[{"href":"https:\/\/eve95ermont.com\/index.php\/wp-json\/wp\/v2\/types\/post"}],"author":[{"embeddable":true,"href":"https:\/\/eve95ermont.com\/index.php\/wp-json\/wp\/v2\/users\/2"}],"replies":[{"embeddable":true,"href":"https:\/\/eve95ermont.com\/index.php\/wp-json\/wp\/v2\/comments?post=1523"}],"version-history":[{"count":6,"href":"https:\/\/eve95ermont.com\/index.php\/wp-json\/wp\/v2\/posts\/1523\/revisions"}],"predecessor-version":[{"id":1575,"href":"https:\/\/eve95ermont.com\/index.php\/wp-json\/wp\/v2\/posts\/1523\/revisions\/1575"}],"wp:featuredmedia":[{"embeddable":true,"href":"https:\/\/eve95ermont.com\/index.php\/wp-json\/wp\/v2\/media\/1565"}],"wp:attachment":[{"href":"https:\/\/eve95ermont.com\/index.php\/wp-json\/wp\/v2\/media?parent=1523"}],"wp:term":[{"taxonomy":"category","embeddable":true,"href":"https:\/\/eve95ermont.com\/index.php\/wp-json\/wp\/v2\/categories?post=1523"},{"taxonomy":"post_tag","embeddable":true,"href":"https:\/\/eve95ermont.com\/index.php\/wp-json\/wp\/v2\/tags?post=1523"}],"curies":[{"name":"wp","href":"https:\/\/api.w.org\/{rel}","templated":true}]}}