{"id":1293,"date":"2025-04-01T19:43:23","date_gmt":"2025-04-01T17:43:23","guid":{"rendered":"https:\/\/eve95ermont.com\/?p=1293"},"modified":"2025-04-02T22:07:34","modified_gmt":"2025-04-02T20:07:34","slug":"un-atelier-cuisine-aux-couleurs-de-leurope","status":"publish","type":"post","link":"https:\/\/eve95ermont.com\/index.php\/2025\/04\/01\/un-atelier-cuisine-aux-couleurs-de-leurope\/","title":{"rendered":"UN ATELIER CUISINE\u00a0AUX COULEURS DE L\u2019EUROPE"},"content":{"rendered":"\t\t<div data-elementor-type=\"wp-post\" data-elementor-id=\"1293\" class=\"elementor elementor-1293\">\n\t\t\t\t\t\t\t\t\t<section class=\"elementor-section elementor-top-section elementor-element elementor-element-69ac715b elementor-section-boxed elementor-section-height-default elementor-section-height-default\" data-id=\"69ac715b\" data-element_type=\"section\">\n\t\t\t\t\t\t<div class=\"elementor-container elementor-column-gap-default\">\n\t\t\t\t\t<div class=\"elementor-column elementor-col-100 elementor-top-column elementor-element elementor-element-7155f998\" data-id=\"7155f998\" data-element_type=\"column\">\n\t\t\t<div class=\"elementor-widget-wrap elementor-element-populated\">\n\t\t\t\t\t\t\t\t<div class=\"elementor-element elementor-element-f662d9d elementor-widget elementor-widget-heading\" data-id=\"f662d9d\" data-element_type=\"widget\" data-widget_type=\"heading.default\">\n\t\t\t\t<div class=\"elementor-widget-container\">\n\t\t\t<style>\/*! elementor - v3.12.1 - 02-04-2023 *\/\n.elementor-heading-title{padding:0;margin:0;line-height:1}.elementor-widget-heading .elementor-heading-title[class*=elementor-size-]>a{color:inherit;font-size:inherit;line-height:inherit}.elementor-widget-heading .elementor-heading-title.elementor-size-small{font-size:15px}.elementor-widget-heading .elementor-heading-title.elementor-size-medium{font-size:19px}.elementor-widget-heading .elementor-heading-title.elementor-size-large{font-size:29px}.elementor-widget-heading .elementor-heading-title.elementor-size-xl{font-size:39px}.elementor-widget-heading .elementor-heading-title.elementor-size-xxl{font-size:59px}<\/style><h2 class=\"elementor-heading-title elementor-size-default\">Un atelier cuisine aux couleurs de l'Europe...<\/h2>\t\t<\/div>\n\t\t\t\t<\/div>\n\t\t\t\t<div class=\"elementor-element elementor-element-5ad28b4e elementor-widget elementor-widget-text-editor\" data-id=\"5ad28b4e\" data-element_type=\"widget\" data-widget_type=\"text-editor.default\">\n\t\t\t\t<div class=\"elementor-widget-container\">\n\t\t\t<style>\/*! elementor - v3.12.1 - 02-04-2023 *\/\n.elementor-widget-text-editor.elementor-drop-cap-view-stacked .elementor-drop-cap{background-color:#69727d;color:#fff}.elementor-widget-text-editor.elementor-drop-cap-view-framed .elementor-drop-cap{color:#69727d;border:3px solid;background-color:transparent}.elementor-widget-text-editor:not(.elementor-drop-cap-view-default) .elementor-drop-cap{margin-top:8px}.elementor-widget-text-editor:not(.elementor-drop-cap-view-default) .elementor-drop-cap-letter{width:1em;height:1em}.elementor-widget-text-editor .elementor-drop-cap{float:left;text-align:center;line-height:1;font-size:50px}.elementor-widget-text-editor .elementor-drop-cap-letter{display:inline-block}<\/style>\t\t\t\t<!-- wp:paragraph -->\n<p>\u00a0<\/p>\n<!-- \/wp:paragraph --><!-- wp:paragraph -->\n<p>\u00a0<\/p>\n<!-- \/wp:paragraph -->\t\t\t\t\t\t<\/div>\n\t\t\t\t<\/div>\n\t\t\t\t\t<\/div>\n\t\t<\/div>\n\t\t\t\t\t\t\t<\/div>\n\t\t<\/section>\n\t\t\t\t<section class=\"elementor-section elementor-top-section elementor-element elementor-element-b714558 elementor-section-boxed elementor-section-height-default elementor-section-height-default\" data-id=\"b714558\" data-element_type=\"section\">\n\t\t\t\t\t\t<div class=\"elementor-container elementor-column-gap-default\">\n\t\t\t\t\t<div class=\"elementor-column elementor-col-100 elementor-top-column elementor-element elementor-element-32aa95c\" data-id=\"32aa95c\" data-element_type=\"column\">\n\t\t\t<div class=\"elementor-widget-wrap elementor-element-populated\">\n\t\t\t\t\t\t\t\t<div class=\"elementor-element elementor-element-d547895 elementor-widget elementor-widget-image\" data-id=\"d547895\" data-element_type=\"widget\" data-widget_type=\"image.default\">\n\t\t\t\t<div class=\"elementor-widget-container\">\n\t\t\t<style>\/*! elementor - v3.12.1 - 02-04-2023 *\/\n.elementor-widget-image{text-align:center}.elementor-widget-image a{display:inline-block}.elementor-widget-image a img[src$=\".svg\"]{width:48px}.elementor-widget-image img{vertical-align:middle;display:inline-block}<\/style>\t\t\t\t\t\t\t\t\t\t\t\t<img loading=\"lazy\" decoding=\"async\" width=\"300\" height=\"225\" src=\"https:\/\/eve95ermont.com\/wp-content\/uploads\/2025\/04\/IMG-20250308-WA0029-300x225.jpg\" class=\"attachment-medium size-medium wp-image-1295\" alt=\"Atelier cuisine du 8 mars\" srcset=\"https:\/\/eve95ermont.com\/wp-content\/uploads\/2025\/04\/IMG-20250308-WA0029-300x225.jpg 300w, https:\/\/eve95ermont.com\/wp-content\/uploads\/2025\/04\/IMG-20250308-WA0029-1024x768.jpg 1024w, https:\/\/eve95ermont.com\/wp-content\/uploads\/2025\/04\/IMG-20250308-WA0029-768x576.jpg 768w, https:\/\/eve95ermont.com\/wp-content\/uploads\/2025\/04\/IMG-20250308-WA0029-1536x1152.jpg 1536w, https:\/\/eve95ermont.com\/wp-content\/uploads\/2025\/04\/IMG-20250308-WA0029.jpg 1600w\" sizes=\"auto, (max-width: 300px) 100vw, 300px\" \/>\t\t\t\t\t\t\t\t\t\t\t\t\t\t\t<\/div>\n\t\t\t\t<\/div>\n\t\t\t\t\t<\/div>\n\t\t<\/div>\n\t\t\t\t\t\t\t<\/div>\n\t\t<\/section>\n\t\t\t\t<section class=\"elementor-section elementor-top-section elementor-element elementor-element-ad82de0 elementor-section-boxed elementor-section-height-default elementor-section-height-default\" data-id=\"ad82de0\" data-element_type=\"section\">\n\t\t\t\t\t\t<div class=\"elementor-container elementor-column-gap-default\">\n\t\t\t\t\t<div class=\"elementor-column elementor-col-100 elementor-top-column elementor-element elementor-element-f1c9a8d\" data-id=\"f1c9a8d\" data-element_type=\"column\">\n\t\t\t<div class=\"elementor-widget-wrap elementor-element-populated\">\n\t\t\t\t\t\t\t\t<div class=\"elementor-element elementor-element-11d468c elementor-widget elementor-widget-text-editor\" data-id=\"11d468c\" data-element_type=\"widget\" data-widget_type=\"text-editor.default\">\n\t\t\t\t<div class=\"elementor-widget-container\">\n\t\t\t\t\t\t\t<p><i>Le samedi 8 mars, \u00e0 la salle de L\u2019Arche, Ermont Ville d\u2019Europe a organis\u00e9 un atelier cuisine avec des recettes europ\u00e9ennes.&nbsp;<\/i><\/p><p><i>Retour sur ce temps de partage\u2026<\/i><\/p>\t\t\t\t\t\t<\/div>\n\t\t\t\t<\/div>\n\t\t\t\t\t<\/div>\n\t\t<\/div>\n\t\t\t\t\t\t\t<\/div>\n\t\t<\/section>\n\t\t\t\t<section class=\"elementor-section elementor-top-section elementor-element elementor-element-fdbab6b elementor-section-boxed elementor-section-height-default elementor-section-height-default\" data-id=\"fdbab6b\" data-element_type=\"section\">\n\t\t\t\t\t\t<div class=\"elementor-container elementor-column-gap-default\">\n\t\t\t\t\t<div class=\"elementor-column elementor-col-50 elementor-top-column elementor-element elementor-element-85be60e\" data-id=\"85be60e\" data-element_type=\"column\">\n\t\t\t<div class=\"elementor-widget-wrap elementor-element-populated\">\n\t\t\t\t\t\t\t\t<div class=\"elementor-element elementor-element-80efac9 elementor-widget elementor-widget-image\" data-id=\"80efac9\" data-element_type=\"widget\" data-widget_type=\"image.default\">\n\t\t\t\t<div class=\"elementor-widget-container\">\n\t\t\t\t\t\t\t\t\t\t\t\t\t\t\t<img loading=\"lazy\" decoding=\"async\" width=\"768\" height=\"576\" src=\"https:\/\/eve95ermont.com\/wp-content\/uploads\/2025\/04\/IMG_20250308_125732-768x576.jpg\" class=\"attachment-medium_large size-medium_large wp-image-1296\" alt=\"\" srcset=\"https:\/\/eve95ermont.com\/wp-content\/uploads\/2025\/04\/IMG_20250308_125732-768x576.jpg 768w, https:\/\/eve95ermont.com\/wp-content\/uploads\/2025\/04\/IMG_20250308_125732-300x225.jpg 300w, https:\/\/eve95ermont.com\/wp-content\/uploads\/2025\/04\/IMG_20250308_125732-1024x768.jpg 1024w, https:\/\/eve95ermont.com\/wp-content\/uploads\/2025\/04\/IMG_20250308_125732-1536x1152.jpg 1536w, https:\/\/eve95ermont.com\/wp-content\/uploads\/2025\/04\/IMG_20250308_125732-2048x1536.jpg 2048w\" sizes=\"auto, (max-width: 768px) 100vw, 768px\" \/>\t\t\t\t\t\t\t\t\t\t\t\t\t\t\t<\/div>\n\t\t\t\t<\/div>\n\t\t\t\t\t<\/div>\n\t\t<\/div>\n\t\t\t\t<div class=\"elementor-column elementor-col-50 elementor-top-column elementor-element elementor-element-1eac26b\" data-id=\"1eac26b\" data-element_type=\"column\">\n\t\t\t<div class=\"elementor-widget-wrap elementor-element-populated\">\n\t\t\t\t\t\t\t\t<div class=\"elementor-element elementor-element-2dbe206 elementor-widget elementor-widget-text-editor\" data-id=\"2dbe206\" data-element_type=\"widget\" data-widget_type=\"text-editor.default\">\n\t\t\t\t<div class=\"elementor-widget-container\">\n\t\t\t\t\t\t\t<p>Vers 13h, apr\u00e8s avoir install\u00e9 les tables et pr\u00e9par\u00e9 les ingr\u00e9dients de chaque \u00e9quipe, nous \u00e9tions pr\u00eats \u00e0 confectionner les diff\u00e9rents plats propos\u00e9s.\u00a0<\/p>\n<p>\u00a0<\/p>\n<p>Les entr\u00e9es nous ont emmen\u00e9s en Espagne avec la fameuse tortilla de patatas et le gaspacho andalou.<\/p>\t\t\t\t\t\t<\/div>\n\t\t\t\t<\/div>\n\t\t\t\t\t<\/div>\n\t\t<\/div>\n\t\t\t\t\t\t\t<\/div>\n\t\t<\/section>\n\t\t\t\t<section class=\"elementor-section elementor-top-section elementor-element elementor-element-2366e63 elementor-section-boxed elementor-section-height-default elementor-section-height-default\" data-id=\"2366e63\" data-element_type=\"section\">\n\t\t\t\t\t\t<div class=\"elementor-container elementor-column-gap-default\">\n\t\t\t\t\t<div class=\"elementor-column elementor-col-33 elementor-top-column elementor-element elementor-element-7658af4\" data-id=\"7658af4\" data-element_type=\"column\">\n\t\t\t<div class=\"elementor-widget-wrap elementor-element-populated\">\n\t\t\t\t\t\t\t\t<div class=\"elementor-element elementor-element-782b961 elementor-widget elementor-widget-image\" data-id=\"782b961\" data-element_type=\"widget\" data-widget_type=\"image.default\">\n\t\t\t\t<div class=\"elementor-widget-container\">\n\t\t\t\t\t\t\t\t\t\t\t\t\t\t\t<img loading=\"lazy\" decoding=\"async\" width=\"768\" height=\"1024\" src=\"https:\/\/eve95ermont.com\/wp-content\/uploads\/2025\/04\/IMG_20250308_125007-768x1024.jpg\" class=\"attachment-large size-large wp-image-1297\" alt=\"\" srcset=\"https:\/\/eve95ermont.com\/wp-content\/uploads\/2025\/04\/IMG_20250308_125007-768x1024.jpg 768w, https:\/\/eve95ermont.com\/wp-content\/uploads\/2025\/04\/IMG_20250308_125007-225x300.jpg 225w, https:\/\/eve95ermont.com\/wp-content\/uploads\/2025\/04\/IMG_20250308_125007-1152x1536.jpg 1152w, https:\/\/eve95ermont.com\/wp-content\/uploads\/2025\/04\/IMG_20250308_125007-1536x2048.jpg 1536w, https:\/\/eve95ermont.com\/wp-content\/uploads\/2025\/04\/IMG_20250308_125007-scaled.jpg 1920w\" sizes=\"auto, (max-width: 768px) 100vw, 768px\" \/>\t\t\t\t\t\t\t\t\t\t\t\t\t\t\t<\/div>\n\t\t\t\t<\/div>\n\t\t\t\t\t<\/div>\n\t\t<\/div>\n\t\t\t\t<div class=\"elementor-column elementor-col-33 elementor-top-column elementor-element elementor-element-aa558f9\" data-id=\"aa558f9\" data-element_type=\"column\">\n\t\t\t<div class=\"elementor-widget-wrap elementor-element-populated\">\n\t\t\t\t\t\t\t\t<div class=\"elementor-element elementor-element-88199cf elementor-widget elementor-widget-image\" data-id=\"88199cf\" data-element_type=\"widget\" data-widget_type=\"image.default\">\n\t\t\t\t<div class=\"elementor-widget-container\">\n\t\t\t\t\t\t\t\t\t\t\t\t\t\t\t<img loading=\"lazy\" decoding=\"async\" width=\"768\" height=\"1024\" src=\"https:\/\/eve95ermont.com\/wp-content\/uploads\/2025\/04\/IMG-20250308-WA0021-768x1024.jpg\" class=\"attachment-large size-large wp-image-1298\" alt=\"\" srcset=\"https:\/\/eve95ermont.com\/wp-content\/uploads\/2025\/04\/IMG-20250308-WA0021-768x1024.jpg 768w, https:\/\/eve95ermont.com\/wp-content\/uploads\/2025\/04\/IMG-20250308-WA0021-225x300.jpg 225w, https:\/\/eve95ermont.com\/wp-content\/uploads\/2025\/04\/IMG-20250308-WA0021-1152x1536.jpg 1152w, https:\/\/eve95ermont.com\/wp-content\/uploads\/2025\/04\/IMG-20250308-WA0021.jpg 1200w\" sizes=\"auto, (max-width: 768px) 100vw, 768px\" \/>\t\t\t\t\t\t\t\t\t\t\t\t\t\t\t<\/div>\n\t\t\t\t<\/div>\n\t\t\t\t\t<\/div>\n\t\t<\/div>\n\t\t\t\t<div class=\"elementor-column elementor-col-33 elementor-top-column elementor-element elementor-element-4ba3deb\" data-id=\"4ba3deb\" data-element_type=\"column\">\n\t\t\t<div class=\"elementor-widget-wrap elementor-element-populated\">\n\t\t\t\t\t\t\t\t<div class=\"elementor-element elementor-element-1c53a99 elementor-widget elementor-widget-image\" data-id=\"1c53a99\" data-element_type=\"widget\" data-widget_type=\"image.default\">\n\t\t\t\t<div class=\"elementor-widget-container\">\n\t\t\t\t\t\t\t\t\t\t\t\t\t\t\t<img loading=\"lazy\" decoding=\"async\" width=\"768\" height=\"1024\" src=\"https:\/\/eve95ermont.com\/wp-content\/uploads\/2025\/04\/IMG_20250308_133447-768x1024.jpg\" class=\"attachment-large size-large wp-image-1299\" alt=\"\" srcset=\"https:\/\/eve95ermont.com\/wp-content\/uploads\/2025\/04\/IMG_20250308_133447-768x1024.jpg 768w, https:\/\/eve95ermont.com\/wp-content\/uploads\/2025\/04\/IMG_20250308_133447-225x300.jpg 225w, https:\/\/eve95ermont.com\/wp-content\/uploads\/2025\/04\/IMG_20250308_133447-1152x1536.jpg 1152w, https:\/\/eve95ermont.com\/wp-content\/uploads\/2025\/04\/IMG_20250308_133447-1536x2048.jpg 1536w, https:\/\/eve95ermont.com\/wp-content\/uploads\/2025\/04\/IMG_20250308_133447-scaled.jpg 1920w\" sizes=\"auto, (max-width: 768px) 100vw, 768px\" \/>\t\t\t\t\t\t\t\t\t\t\t\t\t\t\t<\/div>\n\t\t\t\t<\/div>\n\t\t\t\t\t<\/div>\n\t\t<\/div>\n\t\t\t\t\t\t\t<\/div>\n\t\t<\/section>\n\t\t\t\t<section class=\"elementor-section elementor-top-section elementor-element elementor-element-c36b261 elementor-section-boxed elementor-section-height-default elementor-section-height-default\" data-id=\"c36b261\" data-element_type=\"section\">\n\t\t\t\t\t\t<div class=\"elementor-container elementor-column-gap-default\">\n\t\t\t\t\t<div class=\"elementor-column elementor-col-33 elementor-top-column elementor-element elementor-element-b70e4ee\" data-id=\"b70e4ee\" data-element_type=\"column\">\n\t\t\t<div class=\"elementor-widget-wrap elementor-element-populated\">\n\t\t\t\t\t\t\t\t<div class=\"elementor-element elementor-element-ba7b3df elementor-widget elementor-widget-image\" data-id=\"ba7b3df\" data-element_type=\"widget\" data-widget_type=\"image.default\">\n\t\t\t\t<div class=\"elementor-widget-container\">\n\t\t\t\t\t\t\t\t\t\t\t\t\t\t\t<img loading=\"lazy\" decoding=\"async\" width=\"768\" height=\"1024\" src=\"https:\/\/eve95ermont.com\/wp-content\/uploads\/2025\/04\/IMG_20250308_130521-768x1024.jpg\" class=\"attachment-large size-large wp-image-1300\" alt=\"\" srcset=\"https:\/\/eve95ermont.com\/wp-content\/uploads\/2025\/04\/IMG_20250308_130521-768x1024.jpg 768w, https:\/\/eve95ermont.com\/wp-content\/uploads\/2025\/04\/IMG_20250308_130521-225x300.jpg 225w, https:\/\/eve95ermont.com\/wp-content\/uploads\/2025\/04\/IMG_20250308_130521-1152x1536.jpg 1152w, https:\/\/eve95ermont.com\/wp-content\/uploads\/2025\/04\/IMG_20250308_130521-1536x2048.jpg 1536w, https:\/\/eve95ermont.com\/wp-content\/uploads\/2025\/04\/IMG_20250308_130521-scaled.jpg 1920w\" sizes=\"auto, (max-width: 768px) 100vw, 768px\" \/>\t\t\t\t\t\t\t\t\t\t\t\t\t\t\t<\/div>\n\t\t\t\t<\/div>\n\t\t\t\t\t<\/div>\n\t\t<\/div>\n\t\t\t\t<div class=\"elementor-column elementor-col-33 elementor-top-column elementor-element elementor-element-a9c1687\" data-id=\"a9c1687\" data-element_type=\"column\">\n\t\t\t<div class=\"elementor-widget-wrap elementor-element-populated\">\n\t\t\t\t\t\t\t\t<div class=\"elementor-element elementor-element-3f6d142 elementor-widget elementor-widget-text-editor\" data-id=\"3f6d142\" data-element_type=\"widget\" data-widget_type=\"text-editor.default\">\n\t\t\t\t<div class=\"elementor-widget-container\">\n\t\t\t\t\t\t\t<p>Le plat principal nous venait de Pologne : des choux farcis avec une d\u00e9licieuse sauce.<\/p>\t\t\t\t\t\t<\/div>\n\t\t\t\t<\/div>\n\t\t\t\t\t<\/div>\n\t\t<\/div>\n\t\t\t\t<div class=\"elementor-column elementor-col-33 elementor-top-column elementor-element elementor-element-0a6afce\" data-id=\"0a6afce\" data-element_type=\"column\">\n\t\t\t<div class=\"elementor-widget-wrap elementor-element-populated\">\n\t\t\t\t\t\t\t\t<div class=\"elementor-element elementor-element-2056541 elementor-widget elementor-widget-image\" data-id=\"2056541\" data-element_type=\"widget\" data-widget_type=\"image.default\">\n\t\t\t\t<div class=\"elementor-widget-container\">\n\t\t\t\t\t\t\t\t\t\t\t\t\t\t\t<img loading=\"lazy\" decoding=\"async\" width=\"768\" height=\"1024\" src=\"https:\/\/eve95ermont.com\/wp-content\/uploads\/2025\/04\/IMG-20250308-WA0023-768x1024.jpg\" class=\"attachment-large size-large wp-image-1301\" alt=\"\" srcset=\"https:\/\/eve95ermont.com\/wp-content\/uploads\/2025\/04\/IMG-20250308-WA0023-768x1024.jpg 768w, https:\/\/eve95ermont.com\/wp-content\/uploads\/2025\/04\/IMG-20250308-WA0023-225x300.jpg 225w, https:\/\/eve95ermont.com\/wp-content\/uploads\/2025\/04\/IMG-20250308-WA0023-1152x1536.jpg 1152w, https:\/\/eve95ermont.com\/wp-content\/uploads\/2025\/04\/IMG-20250308-WA0023.jpg 1200w\" sizes=\"auto, (max-width: 768px) 100vw, 768px\" \/>\t\t\t\t\t\t\t\t\t\t\t\t\t\t\t<\/div>\n\t\t\t\t<\/div>\n\t\t\t\t\t<\/div>\n\t\t<\/div>\n\t\t\t\t\t\t\t<\/div>\n\t\t<\/section>\n\t\t\t\t<section class=\"elementor-section elementor-top-section elementor-element elementor-element-81f92f8 elementor-section-boxed elementor-section-height-default elementor-section-height-default\" data-id=\"81f92f8\" data-element_type=\"section\">\n\t\t\t\t\t\t<div class=\"elementor-container elementor-column-gap-default\">\n\t\t\t\t\t<div class=\"elementor-column elementor-col-100 elementor-top-column elementor-element elementor-element-7d82c9d\" data-id=\"7d82c9d\" data-element_type=\"column\">\n\t\t\t<div class=\"elementor-widget-wrap elementor-element-populated\">\n\t\t\t\t\t\t\t\t<div class=\"elementor-element elementor-element-c2ac88f elementor-widget elementor-widget-text-editor\" data-id=\"c2ac88f\" data-element_type=\"widget\" data-widget_type=\"text-editor.default\">\n\t\t\t\t<div class=\"elementor-widget-container\">\n\t\t\t\t\t\t\t<p>Enfin les desserts nous ont fait voyager au Royaume Uni, avec des Shortbreads, en Allemagne, avec des Splatzchen et en France, avec une mousse au chocolat.<\/p>\n<p>\u00a0<\/p>\t\t\t\t\t\t<\/div>\n\t\t\t\t<\/div>\n\t\t\t\t\t<\/div>\n\t\t<\/div>\n\t\t\t\t\t\t\t<\/div>\n\t\t<\/section>\n\t\t\t\t<section class=\"elementor-section elementor-top-section elementor-element elementor-element-8e90684 elementor-section-boxed elementor-section-height-default elementor-section-height-default\" data-id=\"8e90684\" data-element_type=\"section\">\n\t\t\t\t\t\t<div class=\"elementor-container elementor-column-gap-default\">\n\t\t\t\t\t<div class=\"elementor-column elementor-col-33 elementor-top-column elementor-element elementor-element-502d3a7\" data-id=\"502d3a7\" data-element_type=\"column\">\n\t\t\t<div class=\"elementor-widget-wrap elementor-element-populated\">\n\t\t\t\t\t\t\t\t<div class=\"elementor-element elementor-element-2f81b66 elementor-widget elementor-widget-image\" data-id=\"2f81b66\" data-element_type=\"widget\" data-widget_type=\"image.default\">\n\t\t\t\t<div class=\"elementor-widget-container\">\n\t\t\t\t\t\t\t\t\t\t\t\t\t\t\t<img loading=\"lazy\" decoding=\"async\" width=\"768\" height=\"1024\" src=\"https:\/\/eve95ermont.com\/wp-content\/uploads\/2025\/04\/IMG_20250308_133358-768x1024.jpg\" class=\"attachment-large size-large wp-image-1302\" alt=\"\" srcset=\"https:\/\/eve95ermont.com\/wp-content\/uploads\/2025\/04\/IMG_20250308_133358-768x1024.jpg 768w, https:\/\/eve95ermont.com\/wp-content\/uploads\/2025\/04\/IMG_20250308_133358-225x300.jpg 225w, https:\/\/eve95ermont.com\/wp-content\/uploads\/2025\/04\/IMG_20250308_133358-1152x1536.jpg 1152w, https:\/\/eve95ermont.com\/wp-content\/uploads\/2025\/04\/IMG_20250308_133358-1536x2048.jpg 1536w, https:\/\/eve95ermont.com\/wp-content\/uploads\/2025\/04\/IMG_20250308_133358-scaled.jpg 1920w\" sizes=\"auto, (max-width: 768px) 100vw, 768px\" \/>\t\t\t\t\t\t\t\t\t\t\t\t\t\t\t<\/div>\n\t\t\t\t<\/div>\n\t\t\t\t\t<\/div>\n\t\t<\/div>\n\t\t\t\t<div class=\"elementor-column elementor-col-33 elementor-top-column elementor-element elementor-element-9633ae1\" data-id=\"9633ae1\" data-element_type=\"column\">\n\t\t\t<div class=\"elementor-widget-wrap elementor-element-populated\">\n\t\t\t\t\t\t\t\t<div class=\"elementor-element elementor-element-ce93fe0 elementor-widget elementor-widget-image\" data-id=\"ce93fe0\" data-element_type=\"widget\" data-widget_type=\"image.default\">\n\t\t\t\t<div class=\"elementor-widget-container\">\n\t\t\t\t\t\t\t\t\t\t\t\t\t\t\t<img loading=\"lazy\" decoding=\"async\" width=\"768\" height=\"1024\" src=\"https:\/\/eve95ermont.com\/wp-content\/uploads\/2025\/04\/IMG-20250308-WA0017-768x1024.jpg\" class=\"attachment-large size-large wp-image-1303\" alt=\"\" srcset=\"https:\/\/eve95ermont.com\/wp-content\/uploads\/2025\/04\/IMG-20250308-WA0017-768x1024.jpg 768w, https:\/\/eve95ermont.com\/wp-content\/uploads\/2025\/04\/IMG-20250308-WA0017-225x300.jpg 225w, https:\/\/eve95ermont.com\/wp-content\/uploads\/2025\/04\/IMG-20250308-WA0017-1152x1536.jpg 1152w, https:\/\/eve95ermont.com\/wp-content\/uploads\/2025\/04\/IMG-20250308-WA0017.jpg 1200w\" sizes=\"auto, (max-width: 768px) 100vw, 768px\" \/>\t\t\t\t\t\t\t\t\t\t\t\t\t\t\t<\/div>\n\t\t\t\t<\/div>\n\t\t\t\t\t<\/div>\n\t\t<\/div>\n\t\t\t\t<div class=\"elementor-column elementor-col-33 elementor-top-column elementor-element elementor-element-2be691e\" data-id=\"2be691e\" data-element_type=\"column\">\n\t\t\t<div class=\"elementor-widget-wrap elementor-element-populated\">\n\t\t\t\t\t\t\t\t<div class=\"elementor-element elementor-element-13d1bd3 elementor-widget elementor-widget-image\" data-id=\"13d1bd3\" data-element_type=\"widget\" data-widget_type=\"image.default\">\n\t\t\t\t<div class=\"elementor-widget-container\">\n\t\t\t\t\t\t\t\t\t\t\t\t\t\t\t<img loading=\"lazy\" decoding=\"async\" width=\"768\" height=\"1024\" src=\"https:\/\/eve95ermont.com\/wp-content\/uploads\/2025\/04\/IMG_20250308_133458-768x1024.jpg\" class=\"attachment-large size-large wp-image-1304\" alt=\"\" srcset=\"https:\/\/eve95ermont.com\/wp-content\/uploads\/2025\/04\/IMG_20250308_133458-768x1024.jpg 768w, https:\/\/eve95ermont.com\/wp-content\/uploads\/2025\/04\/IMG_20250308_133458-225x300.jpg 225w, https:\/\/eve95ermont.com\/wp-content\/uploads\/2025\/04\/IMG_20250308_133458-1152x1536.jpg 1152w, https:\/\/eve95ermont.com\/wp-content\/uploads\/2025\/04\/IMG_20250308_133458-1536x2048.jpg 1536w, https:\/\/eve95ermont.com\/wp-content\/uploads\/2025\/04\/IMG_20250308_133458-scaled.jpg 1920w\" sizes=\"auto, (max-width: 768px) 100vw, 768px\" \/>\t\t\t\t\t\t\t\t\t\t\t\t\t\t\t<\/div>\n\t\t\t\t<\/div>\n\t\t\t\t\t<\/div>\n\t\t<\/div>\n\t\t\t\t\t\t\t<\/div>\n\t\t<\/section>\n\t\t\t\t<section class=\"elementor-section elementor-top-section elementor-element elementor-element-c23768b elementor-section-boxed elementor-section-height-default elementor-section-height-default\" data-id=\"c23768b\" data-element_type=\"section\">\n\t\t\t\t\t\t<div class=\"elementor-container elementor-column-gap-default\">\n\t\t\t\t\t<div class=\"elementor-column elementor-col-50 elementor-top-column elementor-element elementor-element-0739b33\" data-id=\"0739b33\" data-element_type=\"column\">\n\t\t\t<div class=\"elementor-widget-wrap elementor-element-populated\">\n\t\t\t\t\t\t\t\t<div class=\"elementor-element elementor-element-1fb9113 elementor-widget elementor-widget-text-editor\" data-id=\"1fb9113\" data-element_type=\"widget\" data-widget_type=\"text-editor.default\">\n\t\t\t\t<div class=\"elementor-widget-container\">\n\t\t\t\t\t\t\t<p>Une fois les plats concoct\u00e9s, nous nous sommes r\u00e9unis autour d\u2019une grande table pour les d\u00e9guster.\u00a0<\/p>\n<p>Mission r\u00e9ussie : nous nous sommes r\u00e9gal\u00e9s.<\/p>\n<p>\u00a0<\/p>\n<p>E.K.<\/p>\n<p>\u00a0<\/p>\n<p>\u00a0<\/p>\t\t\t\t\t\t<\/div>\n\t\t\t\t<\/div>\n\t\t\t\t\t<\/div>\n\t\t<\/div>\n\t\t\t\t<div class=\"elementor-column elementor-col-50 elementor-top-column elementor-element elementor-element-3601786\" data-id=\"3601786\" data-element_type=\"column\">\n\t\t\t<div class=\"elementor-widget-wrap elementor-element-populated\">\n\t\t\t\t\t\t\t\t<div class=\"elementor-element elementor-element-eb4d872 elementor-widget elementor-widget-image\" data-id=\"eb4d872\" data-element_type=\"widget\" data-widget_type=\"image.default\">\n\t\t\t\t<div class=\"elementor-widget-container\">\n\t\t\t\t\t\t\t\t\t\t\t\t\t\t\t<img loading=\"lazy\" decoding=\"async\" width=\"768\" height=\"1024\" src=\"https:\/\/eve95ermont.com\/wp-content\/uploads\/2025\/04\/IMG_20250308_142354-768x1024.jpg\" class=\"attachment-large size-large wp-image-1305\" alt=\"\" srcset=\"https:\/\/eve95ermont.com\/wp-content\/uploads\/2025\/04\/IMG_20250308_142354-768x1024.jpg 768w, https:\/\/eve95ermont.com\/wp-content\/uploads\/2025\/04\/IMG_20250308_142354-225x300.jpg 225w, https:\/\/eve95ermont.com\/wp-content\/uploads\/2025\/04\/IMG_20250308_142354-1152x1536.jpg 1152w, https:\/\/eve95ermont.com\/wp-content\/uploads\/2025\/04\/IMG_20250308_142354-1536x2048.jpg 1536w, https:\/\/eve95ermont.com\/wp-content\/uploads\/2025\/04\/IMG_20250308_142354-scaled.jpg 1920w\" sizes=\"auto, (max-width: 768px) 100vw, 768px\" \/>\t\t\t\t\t\t\t\t\t\t\t\t\t\t\t<\/div>\n\t\t\t\t<\/div>\n\t\t\t\t\t<\/div>\n\t\t<\/div>\n\t\t\t\t\t\t\t<\/div>\n\t\t<\/section>\n\t\t\t\t\t\t\t<\/div>\n\t\t","protected":false},"excerpt":{"rendered":"<p>Le 8 mars avait lieu notre traditionnel atelier cuisine. Les saveurs de l&rsquo;Europe \u00e9taient au rendez-vous.<\/p>\n","protected":false},"author":4,"featured_media":1295,"comment_status":"closed","ping_status":"closed","sticky":false,"template":"","format":"standard","meta":{"footnotes":""},"categories":[35,8,1],"tags":[33],"class_list":["post-1293","post","type-post","status-publish","format-standard","has-post-thumbnail","hentry","category-blog","category-evenement","category-non-classe","tag-passe"],"yoast_head":"<!-- This site is optimized with the Yoast SEO plugin v27.5 - https:\/\/yoast.com\/product\/yoast-seo-wordpress\/ -->\n<title>UN ATELIER CUISINE\u00a0AUX COULEURS DE L\u2019EUROPE - Ermont Ville d&#039;Europe<\/title>\n<meta name=\"description\" content=\"Le 8 mars 2025 avait lieu l&#039;atelier cuisine d&#039;E.V.E... Les saveurs de l&#039;Europe \u00e9taient au rendez-vous.\" \/>\n<meta name=\"robots\" content=\"index, follow, max-snippet:-1, max-image-preview:large, max-video-preview:-1\" \/>\n<link rel=\"canonical\" href=\"http:\/\/eve95ermont.com\/index.php\/2025\/04\/01\/un-atelier-cuisine-aux-couleurs-de-leurope\/\" \/>\n<meta property=\"og:locale\" content=\"fr_FR\" \/>\n<meta property=\"og:type\" content=\"article\" \/>\n<meta property=\"og:title\" content=\"UN ATELIER CUISINE\u00a0AUX COULEURS DE L\u2019EUROPE - Ermont Ville d&#039;Europe\" \/>\n<meta property=\"og:description\" content=\"Le 8 mars 2025 avait lieu l&#039;atelier cuisine d&#039;E.V.E... Les saveurs de l&#039;Europe \u00e9taient au rendez-vous.\" \/>\n<meta property=\"og:url\" content=\"http:\/\/eve95ermont.com\/index.php\/2025\/04\/01\/un-atelier-cuisine-aux-couleurs-de-leurope\/\" \/>\n<meta property=\"og:site_name\" content=\"Ermont Ville d&#039;Europe\" \/>\n<meta property=\"article:published_time\" content=\"2025-04-01T17:43:23+00:00\" \/>\n<meta property=\"article:modified_time\" content=\"2025-04-02T20:07:34+00:00\" \/>\n<meta property=\"og:image\" content=\"http:\/\/eve95ermont.com\/wp-content\/uploads\/2025\/04\/IMG-20250308-WA0029.jpg\" \/>\n\t<meta property=\"og:image:width\" content=\"1600\" \/>\n\t<meta property=\"og:image:height\" content=\"1200\" \/>\n\t<meta property=\"og:image:type\" content=\"image\/jpeg\" \/>\n<meta name=\"author\" content=\"Elodie Kerfoun\" \/>\n<meta name=\"twitter:card\" content=\"summary_large_image\" \/>\n<meta name=\"twitter:label1\" content=\"\u00c9crit par\" \/>\n\t<meta name=\"twitter:data1\" content=\"Elodie Kerfoun\" \/>\n\t<meta name=\"twitter:label2\" content=\"Dur\u00e9e de lecture estim\u00e9e\" \/>\n\t<meta name=\"twitter:data2\" content=\"4 minutes\" \/>\n<script type=\"application\/ld+json\" class=\"yoast-schema-graph\">{\"@context\":\"https:\\\/\\\/schema.org\",\"@graph\":[{\"@type\":\"Article\",\"@id\":\"http:\\\/\\\/eve95ermont.com\\\/index.php\\\/2025\\\/04\\\/01\\\/un-atelier-cuisine-aux-couleurs-de-leurope\\\/#article\",\"isPartOf\":{\"@id\":\"http:\\\/\\\/eve95ermont.com\\\/index.php\\\/2025\\\/04\\\/01\\\/un-atelier-cuisine-aux-couleurs-de-leurope\\\/\"},\"author\":{\"name\":\"Elodie Kerfoun\",\"@id\":\"https:\\\/\\\/eve95ermont.com\\\/#\\\/schema\\\/person\\\/2cd6f09d7ef61006a13823818908984d\"},\"headline\":\"UN ATELIER CUISINE\u00a0AUX COULEURS DE L\u2019EUROPE\",\"datePublished\":\"2025-04-01T17:43:23+00:00\",\"dateModified\":\"2025-04-02T20:07:34+00:00\",\"mainEntityOfPage\":{\"@id\":\"http:\\\/\\\/eve95ermont.com\\\/index.php\\\/2025\\\/04\\\/01\\\/un-atelier-cuisine-aux-couleurs-de-leurope\\\/\"},\"wordCount\":163,\"publisher\":{\"@id\":\"https:\\\/\\\/eve95ermont.com\\\/#organization\"},\"image\":{\"@id\":\"http:\\\/\\\/eve95ermont.com\\\/index.php\\\/2025\\\/04\\\/01\\\/un-atelier-cuisine-aux-couleurs-de-leurope\\\/#primaryimage\"},\"thumbnailUrl\":\"https:\\\/\\\/eve95ermont.com\\\/wp-content\\\/uploads\\\/2025\\\/04\\\/IMG-20250308-WA0029.jpg\",\"keywords\":[\"Pass\u00e9\"],\"articleSection\":[\"Blog\",\"Evenement\"],\"inLanguage\":\"fr-FR\"},{\"@type\":\"WebPage\",\"@id\":\"http:\\\/\\\/eve95ermont.com\\\/index.php\\\/2025\\\/04\\\/01\\\/un-atelier-cuisine-aux-couleurs-de-leurope\\\/\",\"url\":\"http:\\\/\\\/eve95ermont.com\\\/index.php\\\/2025\\\/04\\\/01\\\/un-atelier-cuisine-aux-couleurs-de-leurope\\\/\",\"name\":\"UN ATELIER CUISINE\u00a0AUX COULEURS DE L\u2019EUROPE - Ermont Ville d&#039;Europe\",\"isPartOf\":{\"@id\":\"https:\\\/\\\/eve95ermont.com\\\/#website\"},\"primaryImageOfPage\":{\"@id\":\"http:\\\/\\\/eve95ermont.com\\\/index.php\\\/2025\\\/04\\\/01\\\/un-atelier-cuisine-aux-couleurs-de-leurope\\\/#primaryimage\"},\"image\":{\"@id\":\"http:\\\/\\\/eve95ermont.com\\\/index.php\\\/2025\\\/04\\\/01\\\/un-atelier-cuisine-aux-couleurs-de-leurope\\\/#primaryimage\"},\"thumbnailUrl\":\"https:\\\/\\\/eve95ermont.com\\\/wp-content\\\/uploads\\\/2025\\\/04\\\/IMG-20250308-WA0029.jpg\",\"datePublished\":\"2025-04-01T17:43:23+00:00\",\"dateModified\":\"2025-04-02T20:07:34+00:00\",\"description\":\"Le 8 mars 2025 avait lieu l'atelier cuisine d'E.V.E... Les saveurs de l'Europe \u00e9taient au rendez-vous.\",\"breadcrumb\":{\"@id\":\"http:\\\/\\\/eve95ermont.com\\\/index.php\\\/2025\\\/04\\\/01\\\/un-atelier-cuisine-aux-couleurs-de-leurope\\\/#breadcrumb\"},\"inLanguage\":\"fr-FR\",\"potentialAction\":[{\"@type\":\"ReadAction\",\"target\":[\"http:\\\/\\\/eve95ermont.com\\\/index.php\\\/2025\\\/04\\\/01\\\/un-atelier-cuisine-aux-couleurs-de-leurope\\\/\"]}]},{\"@type\":\"ImageObject\",\"inLanguage\":\"fr-FR\",\"@id\":\"http:\\\/\\\/eve95ermont.com\\\/index.php\\\/2025\\\/04\\\/01\\\/un-atelier-cuisine-aux-couleurs-de-leurope\\\/#primaryimage\",\"url\":\"https:\\\/\\\/eve95ermont.com\\\/wp-content\\\/uploads\\\/2025\\\/04\\\/IMG-20250308-WA0029.jpg\",\"contentUrl\":\"https:\\\/\\\/eve95ermont.com\\\/wp-content\\\/uploads\\\/2025\\\/04\\\/IMG-20250308-WA0029.jpg\",\"width\":1600,\"height\":1200,\"caption\":\"Atelier cuisine du 8 mars\"},{\"@type\":\"BreadcrumbList\",\"@id\":\"http:\\\/\\\/eve95ermont.com\\\/index.php\\\/2025\\\/04\\\/01\\\/un-atelier-cuisine-aux-couleurs-de-leurope\\\/#breadcrumb\",\"itemListElement\":[{\"@type\":\"ListItem\",\"position\":1,\"name\":\"Accueil\",\"item\":\"https:\\\/\\\/eve95ermont.com\\\/\"},{\"@type\":\"ListItem\",\"position\":2,\"name\":\"UN ATELIER CUISINE\u00a0AUX COULEURS DE L\u2019EUROPE\"}]},{\"@type\":\"WebSite\",\"@id\":\"https:\\\/\\\/eve95ermont.com\\\/#website\",\"url\":\"https:\\\/\\\/eve95ermont.com\\\/\",\"name\":\"Ermont Ville d&#039;Europe\",\"description\":\"L&#039;association de jumelage d&#039;Ermont\",\"publisher\":{\"@id\":\"https:\\\/\\\/eve95ermont.com\\\/#organization\"},\"potentialAction\":[{\"@type\":\"SearchAction\",\"target\":{\"@type\":\"EntryPoint\",\"urlTemplate\":\"https:\\\/\\\/eve95ermont.com\\\/?s={search_term_string}\"},\"query-input\":{\"@type\":\"PropertyValueSpecification\",\"valueRequired\":true,\"valueName\":\"search_term_string\"}}],\"inLanguage\":\"fr-FR\"},{\"@type\":\"Organization\",\"@id\":\"https:\\\/\\\/eve95ermont.com\\\/#organization\",\"name\":\"Ermont Ville d&#039;Europe\",\"url\":\"https:\\\/\\\/eve95ermont.com\\\/\",\"logo\":{\"@type\":\"ImageObject\",\"inLanguage\":\"fr-FR\",\"@id\":\"https:\\\/\\\/eve95ermont.com\\\/#\\\/schema\\\/logo\\\/image\\\/\",\"url\":\"https:\\\/\\\/eve95ermont.com\\\/wp-content\\\/uploads\\\/2023\\\/06\\\/cropped-logo-eve-proposition-gris-clair-contour-noir-v2.png\",\"contentUrl\":\"https:\\\/\\\/eve95ermont.com\\\/wp-content\\\/uploads\\\/2023\\\/06\\\/cropped-logo-eve-proposition-gris-clair-contour-noir-v2.png\",\"width\":1157,\"height\":709,\"caption\":\"Ermont Ville d&#039;Europe\"},\"image\":{\"@id\":\"https:\\\/\\\/eve95ermont.com\\\/#\\\/schema\\\/logo\\\/image\\\/\"}},{\"@type\":\"Person\",\"@id\":\"https:\\\/\\\/eve95ermont.com\\\/#\\\/schema\\\/person\\\/2cd6f09d7ef61006a13823818908984d\",\"name\":\"Elodie Kerfoun\",\"image\":{\"@type\":\"ImageObject\",\"inLanguage\":\"fr-FR\",\"@id\":\"https:\\\/\\\/secure.gravatar.com\\\/avatar\\\/b11752c6354808651950b7e69e3f3fabf759d6389c2317904d3c1b53ae3b6f41?s=96&d=mm&r=g\",\"url\":\"https:\\\/\\\/secure.gravatar.com\\\/avatar\\\/b11752c6354808651950b7e69e3f3fabf759d6389c2317904d3c1b53ae3b6f41?s=96&d=mm&r=g\",\"contentUrl\":\"https:\\\/\\\/secure.gravatar.com\\\/avatar\\\/b11752c6354808651950b7e69e3f3fabf759d6389c2317904d3c1b53ae3b6f41?s=96&d=mm&r=g\",\"caption\":\"Elodie Kerfoun\"},\"url\":\"https:\\\/\\\/eve95ermont.com\\\/index.php\\\/author\\\/elodie\\\/\"}]}<\/script>\n<!-- \/ Yoast SEO plugin. -->","yoast_head_json":{"title":"UN ATELIER CUISINE\u00a0AUX COULEURS DE L\u2019EUROPE - Ermont Ville d&#039;Europe","description":"Le 8 mars 2025 avait lieu l'atelier cuisine d'E.V.E... Les saveurs de l'Europe \u00e9taient au rendez-vous.","robots":{"index":"index","follow":"follow","max-snippet":"max-snippet:-1","max-image-preview":"max-image-preview:large","max-video-preview":"max-video-preview:-1"},"canonical":"http:\/\/eve95ermont.com\/index.php\/2025\/04\/01\/un-atelier-cuisine-aux-couleurs-de-leurope\/","og_locale":"fr_FR","og_type":"article","og_title":"UN ATELIER CUISINE\u00a0AUX COULEURS DE L\u2019EUROPE - Ermont Ville d&#039;Europe","og_description":"Le 8 mars 2025 avait lieu l'atelier cuisine d'E.V.E... Les saveurs de l'Europe \u00e9taient au rendez-vous.","og_url":"http:\/\/eve95ermont.com\/index.php\/2025\/04\/01\/un-atelier-cuisine-aux-couleurs-de-leurope\/","og_site_name":"Ermont Ville d&#039;Europe","article_published_time":"2025-04-01T17:43:23+00:00","article_modified_time":"2025-04-02T20:07:34+00:00","og_image":[{"width":1600,"height":1200,"url":"http:\/\/eve95ermont.com\/wp-content\/uploads\/2025\/04\/IMG-20250308-WA0029.jpg","type":"image\/jpeg"}],"author":"Elodie Kerfoun","twitter_card":"summary_large_image","twitter_misc":{"\u00c9crit par":"Elodie Kerfoun","Dur\u00e9e de lecture estim\u00e9e":"4 minutes"},"schema":{"@context":"https:\/\/schema.org","@graph":[{"@type":"Article","@id":"http:\/\/eve95ermont.com\/index.php\/2025\/04\/01\/un-atelier-cuisine-aux-couleurs-de-leurope\/#article","isPartOf":{"@id":"http:\/\/eve95ermont.com\/index.php\/2025\/04\/01\/un-atelier-cuisine-aux-couleurs-de-leurope\/"},"author":{"name":"Elodie Kerfoun","@id":"https:\/\/eve95ermont.com\/#\/schema\/person\/2cd6f09d7ef61006a13823818908984d"},"headline":"UN ATELIER CUISINE\u00a0AUX COULEURS DE L\u2019EUROPE","datePublished":"2025-04-01T17:43:23+00:00","dateModified":"2025-04-02T20:07:34+00:00","mainEntityOfPage":{"@id":"http:\/\/eve95ermont.com\/index.php\/2025\/04\/01\/un-atelier-cuisine-aux-couleurs-de-leurope\/"},"wordCount":163,"publisher":{"@id":"https:\/\/eve95ermont.com\/#organization"},"image":{"@id":"http:\/\/eve95ermont.com\/index.php\/2025\/04\/01\/un-atelier-cuisine-aux-couleurs-de-leurope\/#primaryimage"},"thumbnailUrl":"https:\/\/eve95ermont.com\/wp-content\/uploads\/2025\/04\/IMG-20250308-WA0029.jpg","keywords":["Pass\u00e9"],"articleSection":["Blog","Evenement"],"inLanguage":"fr-FR"},{"@type":"WebPage","@id":"http:\/\/eve95ermont.com\/index.php\/2025\/04\/01\/un-atelier-cuisine-aux-couleurs-de-leurope\/","url":"http:\/\/eve95ermont.com\/index.php\/2025\/04\/01\/un-atelier-cuisine-aux-couleurs-de-leurope\/","name":"UN ATELIER CUISINE\u00a0AUX COULEURS DE L\u2019EUROPE - Ermont Ville d&#039;Europe","isPartOf":{"@id":"https:\/\/eve95ermont.com\/#website"},"primaryImageOfPage":{"@id":"http:\/\/eve95ermont.com\/index.php\/2025\/04\/01\/un-atelier-cuisine-aux-couleurs-de-leurope\/#primaryimage"},"image":{"@id":"http:\/\/eve95ermont.com\/index.php\/2025\/04\/01\/un-atelier-cuisine-aux-couleurs-de-leurope\/#primaryimage"},"thumbnailUrl":"https:\/\/eve95ermont.com\/wp-content\/uploads\/2025\/04\/IMG-20250308-WA0029.jpg","datePublished":"2025-04-01T17:43:23+00:00","dateModified":"2025-04-02T20:07:34+00:00","description":"Le 8 mars 2025 avait lieu l'atelier cuisine d'E.V.E... Les saveurs de l'Europe \u00e9taient au rendez-vous.","breadcrumb":{"@id":"http:\/\/eve95ermont.com\/index.php\/2025\/04\/01\/un-atelier-cuisine-aux-couleurs-de-leurope\/#breadcrumb"},"inLanguage":"fr-FR","potentialAction":[{"@type":"ReadAction","target":["http:\/\/eve95ermont.com\/index.php\/2025\/04\/01\/un-atelier-cuisine-aux-couleurs-de-leurope\/"]}]},{"@type":"ImageObject","inLanguage":"fr-FR","@id":"http:\/\/eve95ermont.com\/index.php\/2025\/04\/01\/un-atelier-cuisine-aux-couleurs-de-leurope\/#primaryimage","url":"https:\/\/eve95ermont.com\/wp-content\/uploads\/2025\/04\/IMG-20250308-WA0029.jpg","contentUrl":"https:\/\/eve95ermont.com\/wp-content\/uploads\/2025\/04\/IMG-20250308-WA0029.jpg","width":1600,"height":1200,"caption":"Atelier cuisine du 8 mars"},{"@type":"BreadcrumbList","@id":"http:\/\/eve95ermont.com\/index.php\/2025\/04\/01\/un-atelier-cuisine-aux-couleurs-de-leurope\/#breadcrumb","itemListElement":[{"@type":"ListItem","position":1,"name":"Accueil","item":"https:\/\/eve95ermont.com\/"},{"@type":"ListItem","position":2,"name":"UN ATELIER CUISINE\u00a0AUX COULEURS DE L\u2019EUROPE"}]},{"@type":"WebSite","@id":"https:\/\/eve95ermont.com\/#website","url":"https:\/\/eve95ermont.com\/","name":"Ermont Ville d&#039;Europe","description":"L&#039;association de jumelage d&#039;Ermont","publisher":{"@id":"https:\/\/eve95ermont.com\/#organization"},"potentialAction":[{"@type":"SearchAction","target":{"@type":"EntryPoint","urlTemplate":"https:\/\/eve95ermont.com\/?s={search_term_string}"},"query-input":{"@type":"PropertyValueSpecification","valueRequired":true,"valueName":"search_term_string"}}],"inLanguage":"fr-FR"},{"@type":"Organization","@id":"https:\/\/eve95ermont.com\/#organization","name":"Ermont Ville d&#039;Europe","url":"https:\/\/eve95ermont.com\/","logo":{"@type":"ImageObject","inLanguage":"fr-FR","@id":"https:\/\/eve95ermont.com\/#\/schema\/logo\/image\/","url":"https:\/\/eve95ermont.com\/wp-content\/uploads\/2023\/06\/cropped-logo-eve-proposition-gris-clair-contour-noir-v2.png","contentUrl":"https:\/\/eve95ermont.com\/wp-content\/uploads\/2023\/06\/cropped-logo-eve-proposition-gris-clair-contour-noir-v2.png","width":1157,"height":709,"caption":"Ermont Ville d&#039;Europe"},"image":{"@id":"https:\/\/eve95ermont.com\/#\/schema\/logo\/image\/"}},{"@type":"Person","@id":"https:\/\/eve95ermont.com\/#\/schema\/person\/2cd6f09d7ef61006a13823818908984d","name":"Elodie Kerfoun","image":{"@type":"ImageObject","inLanguage":"fr-FR","@id":"https:\/\/secure.gravatar.com\/avatar\/b11752c6354808651950b7e69e3f3fabf759d6389c2317904d3c1b53ae3b6f41?s=96&d=mm&r=g","url":"https:\/\/secure.gravatar.com\/avatar\/b11752c6354808651950b7e69e3f3fabf759d6389c2317904d3c1b53ae3b6f41?s=96&d=mm&r=g","contentUrl":"https:\/\/secure.gravatar.com\/avatar\/b11752c6354808651950b7e69e3f3fabf759d6389c2317904d3c1b53ae3b6f41?s=96&d=mm&r=g","caption":"Elodie Kerfoun"},"url":"https:\/\/eve95ermont.com\/index.php\/author\/elodie\/"}]}},"_links":{"self":[{"href":"https:\/\/eve95ermont.com\/index.php\/wp-json\/wp\/v2\/posts\/1293","targetHints":{"allow":["GET"]}}],"collection":[{"href":"https:\/\/eve95ermont.com\/index.php\/wp-json\/wp\/v2\/posts"}],"about":[{"href":"https:\/\/eve95ermont.com\/index.php\/wp-json\/wp\/v2\/types\/post"}],"author":[{"embeddable":true,"href":"https:\/\/eve95ermont.com\/index.php\/wp-json\/wp\/v2\/users\/4"}],"replies":[{"embeddable":true,"href":"https:\/\/eve95ermont.com\/index.php\/wp-json\/wp\/v2\/comments?post=1293"}],"version-history":[{"count":10,"href":"https:\/\/eve95ermont.com\/index.php\/wp-json\/wp\/v2\/posts\/1293\/revisions"}],"predecessor-version":[{"id":1317,"href":"https:\/\/eve95ermont.com\/index.php\/wp-json\/wp\/v2\/posts\/1293\/revisions\/1317"}],"wp:featuredmedia":[{"embeddable":true,"href":"https:\/\/eve95ermont.com\/index.php\/wp-json\/wp\/v2\/media\/1295"}],"wp:attachment":[{"href":"https:\/\/eve95ermont.com\/index.php\/wp-json\/wp\/v2\/media?parent=1293"}],"wp:term":[{"taxonomy":"category","embeddable":true,"href":"https:\/\/eve95ermont.com\/index.php\/wp-json\/wp\/v2\/categories?post=1293"},{"taxonomy":"post_tag","embeddable":true,"href":"https:\/\/eve95ermont.com\/index.php\/wp-json\/wp\/v2\/tags?post=1293"}],"curies":[{"name":"wp","href":"https:\/\/api.w.org\/{rel}","templated":true}]}}