{"id":1172,"date":"2024-11-06T18:42:00","date_gmt":"2024-11-06T17:42:00","guid":{"rendered":"https:\/\/eve95ermont.com\/?p=1172"},"modified":"2025-04-01T19:55:43","modified_gmt":"2025-04-01T17:55:43","slug":"elementor-1172","status":"publish","type":"post","link":"https:\/\/eve95ermont.com\/index.php\/2024\/11\/06\/elementor-1172\/","title":{"rendered":"Une nouvelle A.G. pour la rentr\u00e9e"},"content":{"rendered":"\t\t<div data-elementor-type=\"wp-post\" data-elementor-id=\"1172\" class=\"elementor elementor-1172\">\n\t\t\t\t\t\t\t\t\t<section class=\"elementor-section elementor-top-section elementor-element elementor-element-5a58b7b elementor-section-boxed elementor-section-height-default elementor-section-height-default\" data-id=\"5a58b7b\" data-element_type=\"section\">\n\t\t\t\t\t\t<div class=\"elementor-container elementor-column-gap-default\">\n\t\t\t\t\t<div class=\"elementor-column elementor-col-100 elementor-top-column elementor-element elementor-element-462fbbf\" data-id=\"462fbbf\" data-element_type=\"column\">\n\t\t\t<div class=\"elementor-widget-wrap elementor-element-populated\">\n\t\t\t\t\t\t\t\t<div class=\"elementor-element elementor-element-c7134d2 elementor-widget elementor-widget-heading\" data-id=\"c7134d2\" data-element_type=\"widget\" data-widget_type=\"heading.default\">\n\t\t\t\t<div class=\"elementor-widget-container\">\n\t\t\t<style>\/*! elementor - v3.12.1 - 02-04-2023 *\/\n.elementor-heading-title{padding:0;margin:0;line-height:1}.elementor-widget-heading .elementor-heading-title[class*=elementor-size-]>a{color:inherit;font-size:inherit;line-height:inherit}.elementor-widget-heading .elementor-heading-title.elementor-size-small{font-size:15px}.elementor-widget-heading .elementor-heading-title.elementor-size-medium{font-size:19px}.elementor-widget-heading .elementor-heading-title.elementor-size-large{font-size:29px}.elementor-widget-heading .elementor-heading-title.elementor-size-xl{font-size:39px}.elementor-widget-heading .elementor-heading-title.elementor-size-xxl{font-size:59px}<\/style><h2 class=\"elementor-heading-title elementor-size-default\">Une nouvelle A.G. pour la rentr\u00e9e<\/h2>\t\t<\/div>\n\t\t\t\t<\/div>\n\t\t\t\t\t<\/div>\n\t\t<\/div>\n\t\t\t\t\t\t\t<\/div>\n\t\t<\/section>\n\t\t\t\t<section class=\"elementor-section elementor-top-section elementor-element elementor-element-32ea48e elementor-section-boxed elementor-section-height-default elementor-section-height-default\" data-id=\"32ea48e\" data-element_type=\"section\">\n\t\t\t\t\t\t<div class=\"elementor-container elementor-column-gap-default\">\n\t\t\t\t\t<div class=\"elementor-column elementor-col-100 elementor-top-column elementor-element elementor-element-fb7629e\" data-id=\"fb7629e\" data-element_type=\"column\">\n\t\t\t<div class=\"elementor-widget-wrap elementor-element-populated\">\n\t\t\t\t\t\t\t\t<div class=\"elementor-element elementor-element-b3b8f37 elementor-widget elementor-widget-text-editor\" data-id=\"b3b8f37\" data-element_type=\"widget\" data-widget_type=\"text-editor.default\">\n\t\t\t\t<div class=\"elementor-widget-container\">\n\t\t\t<style>\/*! elementor - v3.12.1 - 02-04-2023 *\/\n.elementor-widget-text-editor.elementor-drop-cap-view-stacked .elementor-drop-cap{background-color:#69727d;color:#fff}.elementor-widget-text-editor.elementor-drop-cap-view-framed .elementor-drop-cap{color:#69727d;border:3px solid;background-color:transparent}.elementor-widget-text-editor:not(.elementor-drop-cap-view-default) .elementor-drop-cap{margin-top:8px}.elementor-widget-text-editor:not(.elementor-drop-cap-view-default) .elementor-drop-cap-letter{width:1em;height:1em}.elementor-widget-text-editor .elementor-drop-cap{float:left;text-align:center;line-height:1;font-size:50px}.elementor-widget-text-editor .elementor-drop-cap-letter{display:inline-block}<\/style>\t\t\t\t<p><em>Ermont Ville d\u2019Europe a fait sa rentr\u00e9e le dimanche 6 octobre 2024 \u00e0 l\u2019Arche avec son Assembl\u00e9e G\u00e9n\u00e9rale\u2026<\/em><\/p>\t\t\t\t\t\t<\/div>\n\t\t\t\t<\/div>\n\t\t\t\t\t<\/div>\n\t\t<\/div>\n\t\t\t\t\t\t\t<\/div>\n\t\t<\/section>\n\t\t\t\t<section class=\"elementor-section elementor-top-section elementor-element elementor-element-40c290d elementor-section-boxed elementor-section-height-default elementor-section-height-default\" data-id=\"40c290d\" data-element_type=\"section\">\n\t\t\t\t\t\t<div class=\"elementor-container elementor-column-gap-default\">\n\t\t\t\t\t<div class=\"elementor-column elementor-col-100 elementor-top-column elementor-element elementor-element-5830ef2\" data-id=\"5830ef2\" data-element_type=\"column\">\n\t\t\t<div class=\"elementor-widget-wrap elementor-element-populated\">\n\t\t\t\t\t\t\t\t<div class=\"elementor-element elementor-element-ad4e829 elementor-widget elementor-widget-image\" data-id=\"ad4e829\" data-element_type=\"widget\" data-widget_type=\"image.default\">\n\t\t\t\t<div class=\"elementor-widget-container\">\n\t\t\t<style>\/*! elementor - v3.12.1 - 02-04-2023 *\/\n.elementor-widget-image{text-align:center}.elementor-widget-image a{display:inline-block}.elementor-widget-image a img[src$=\".svg\"]{width:48px}.elementor-widget-image img{vertical-align:middle;display:inline-block}<\/style>\t\t\t\t\t\t\t\t\t\t\t\t<img loading=\"lazy\" decoding=\"async\" width=\"225\" height=\"300\" src=\"https:\/\/eve95ermont.com\/wp-content\/uploads\/2024\/11\/IMG_20241006_144551-225x300.jpg\" class=\"attachment-medium size-medium wp-image-1174\" alt=\"\" srcset=\"https:\/\/eve95ermont.com\/wp-content\/uploads\/2024\/11\/IMG_20241006_144551-225x300.jpg 225w, https:\/\/eve95ermont.com\/wp-content\/uploads\/2024\/11\/IMG_20241006_144551-768x1024.jpg 768w, https:\/\/eve95ermont.com\/wp-content\/uploads\/2024\/11\/IMG_20241006_144551-1152x1536.jpg 1152w, https:\/\/eve95ermont.com\/wp-content\/uploads\/2024\/11\/IMG_20241006_144551-1536x2048.jpg 1536w, https:\/\/eve95ermont.com\/wp-content\/uploads\/2024\/11\/IMG_20241006_144551-scaled.jpg 1920w\" sizes=\"auto, (max-width: 225px) 100vw, 225px\" \/>\t\t\t\t\t\t\t\t\t\t\t\t\t\t\t<\/div>\n\t\t\t\t<\/div>\n\t\t\t\t\t<\/div>\n\t\t<\/div>\n\t\t\t\t\t\t\t<\/div>\n\t\t<\/section>\n\t\t\t\t<section class=\"elementor-section elementor-top-section elementor-element elementor-element-831ad6d elementor-section-boxed elementor-section-height-default elementor-section-height-default\" data-id=\"831ad6d\" data-element_type=\"section\">\n\t\t\t\t\t\t<div class=\"elementor-container elementor-column-gap-default\">\n\t\t\t\t\t<div class=\"elementor-column elementor-col-66 elementor-top-column elementor-element elementor-element-d1ea0e9\" data-id=\"d1ea0e9\" data-element_type=\"column\">\n\t\t\t<div class=\"elementor-widget-wrap elementor-element-populated\">\n\t\t\t\t\t\t\t\t<div class=\"elementor-element elementor-element-9e86214 elementor-widget elementor-widget-text-editor\" data-id=\"9e86214\" data-element_type=\"widget\" data-widget_type=\"text-editor.default\">\n\t\t\t\t<div class=\"elementor-widget-container\">\n\t\t\t\t\t\t\t<p>D\u00e8s leur arriv\u00e9e, les membres de l\u2019association ont \u00e9t\u00e9 accueillis avec un caf\u00e9 et petits g\u00e2teaux avant de s\u2019installer pour la r\u00e9union.<\/p>\t\t\t\t\t\t<\/div>\n\t\t\t\t<\/div>\n\t\t\t\t\t<\/div>\n\t\t<\/div>\n\t\t\t\t<div class=\"elementor-column elementor-col-33 elementor-top-column elementor-element elementor-element-1c3243e\" data-id=\"1c3243e\" data-element_type=\"column\">\n\t\t\t<div class=\"elementor-widget-wrap elementor-element-populated\">\n\t\t\t\t\t\t\t\t<div class=\"elementor-element elementor-element-a44f353 elementor-widget elementor-widget-image\" data-id=\"a44f353\" data-element_type=\"widget\" data-widget_type=\"image.default\">\n\t\t\t\t<div class=\"elementor-widget-container\">\n\t\t\t\t\t\t\t\t\t\t\t\t\t\t\t<img loading=\"lazy\" decoding=\"async\" width=\"150\" height=\"150\" src=\"https:\/\/eve95ermont.com\/wp-content\/uploads\/2024\/11\/IMG_20241006_142123-150x150.jpg\" class=\"attachment-thumbnail size-thumbnail wp-image-1175\" alt=\"\" \/>\t\t\t\t\t\t\t\t\t\t\t\t\t\t\t<\/div>\n\t\t\t\t<\/div>\n\t\t\t\t\t<\/div>\n\t\t<\/div>\n\t\t\t\t\t\t\t<\/div>\n\t\t<\/section>\n\t\t\t\t<section class=\"elementor-section elementor-top-section elementor-element elementor-element-11f7a75 elementor-section-boxed elementor-section-height-default elementor-section-height-default\" data-id=\"11f7a75\" data-element_type=\"section\">\n\t\t\t\t\t\t<div class=\"elementor-container elementor-column-gap-default\">\n\t\t\t\t\t<div class=\"elementor-column elementor-col-33 elementor-top-column elementor-element elementor-element-6ad2579\" data-id=\"6ad2579\" data-element_type=\"column\">\n\t\t\t<div class=\"elementor-widget-wrap elementor-element-populated\">\n\t\t\t\t\t\t\t\t<div class=\"elementor-element elementor-element-c10570d elementor-widget elementor-widget-image\" data-id=\"c10570d\" data-element_type=\"widget\" data-widget_type=\"image.default\">\n\t\t\t\t<div class=\"elementor-widget-container\">\n\t\t\t\t\t\t\t\t\t\t\t\t\t\t\t<img loading=\"lazy\" decoding=\"async\" width=\"800\" height=\"600\" src=\"https:\/\/eve95ermont.com\/wp-content\/uploads\/2024\/11\/WhatsApp-Image-2024-06-23-a-13.14.45_e3b8263b-1024x768.jpg\" class=\"attachment-large size-large wp-image-1176\" alt=\"\" srcset=\"https:\/\/eve95ermont.com\/wp-content\/uploads\/2024\/11\/WhatsApp-Image-2024-06-23-a-13.14.45_e3b8263b-1024x768.jpg 1024w, https:\/\/eve95ermont.com\/wp-content\/uploads\/2024\/11\/WhatsApp-Image-2024-06-23-a-13.14.45_e3b8263b-300x225.jpg 300w, https:\/\/eve95ermont.com\/wp-content\/uploads\/2024\/11\/WhatsApp-Image-2024-06-23-a-13.14.45_e3b8263b-768x576.jpg 768w, https:\/\/eve95ermont.com\/wp-content\/uploads\/2024\/11\/WhatsApp-Image-2024-06-23-a-13.14.45_e3b8263b-1536x1152.jpg 1536w, https:\/\/eve95ermont.com\/wp-content\/uploads\/2024\/11\/WhatsApp-Image-2024-06-23-a-13.14.45_e3b8263b.jpg 1600w\" sizes=\"auto, (max-width: 800px) 100vw, 800px\" \/>\t\t\t\t\t\t\t\t\t\t\t\t\t\t\t<\/div>\n\t\t\t\t<\/div>\n\t\t\t\t\t<\/div>\n\t\t<\/div>\n\t\t\t\t<div class=\"elementor-column elementor-col-66 elementor-top-column elementor-element elementor-element-111756b\" data-id=\"111756b\" data-element_type=\"column\">\n\t\t\t<div class=\"elementor-widget-wrap elementor-element-populated\">\n\t\t\t\t\t\t\t\t<div class=\"elementor-element elementor-element-80fb6e8 elementor-widget elementor-widget-text-editor\" data-id=\"80fb6e8\" data-element_type=\"widget\" data-widget_type=\"text-editor.default\">\n\t\t\t\t<div class=\"elementor-widget-container\">\n\t\t\t\t\t\t\t<p>Ariane BELARD, notre pr\u00e9sidente a fait un retour sur les nombreuses activit\u00e9s de l\u2019ann\u00e9e pass\u00e9e\u00a0:<\/p><p><strong>&#8211; Septembre 2023<\/strong> : <a href=\"https:\/\/eve95ermont.com\/index.php\/2023\/10\/08\/elementor-864\/\" target=\"_blank\" rel=\"noopener\">AG avec pr\u00e9sentation Site internet \u2013 Facebook \u2013 Youtube<\/a><\/p><p>&#8211; <strong>Septembre 2023<\/strong> : Forum des Associations \u00e0 Ermont<\/p><p>&#8211; <strong>21-25 Octobre 2023<\/strong> : <a href=\"https:\/\/eve95ermont.com\/index.php\/2023\/11\/11\/elementor-887\/\">R\u00e9ception des Espagnols de Loja<\/a><\/p><p>&#8211; <strong>27-29 Octobre 2023<\/strong> : <a href=\"https:\/\/eve95ermont.com\/index.php\/2023\/12\/05\/une-delegation-ermont-ville-deurope-a-banbury\/\" target=\"_blank\" rel=\"noopener\">Invitation de Banbury<\/a><\/p><p>&#8211; <strong>9 d\u00e9cembre 2023<\/strong> : <a href=\"https:\/\/eve95ermont.com\/index.php\/2023\/11\/12\/eve-au-telethon-ermont-2023\/\" target=\"_blank\" rel=\"noopener\">Participation au T\u00e9l\u00e9thon<\/a><\/p><p>&#8211; <strong>Janvier 2024<\/strong> : <a href=\"https:\/\/eve95ermont.com\/index.php\/2024\/02\/12\/une-galette-animee\/\" target=\"_blank\" rel=\"noopener\">V\u0153ux et Galette des rois en musique<\/a><\/p><p>&#8211; <strong>9 mars 2024<\/strong> : <a href=\"https:\/\/eve95ermont.com\/index.php\/2024\/03\/27\/un-vif-succes-pour-latelier-cuisine\/\" target=\"_blank\" rel=\"noopener\">Atelier cuisine<\/a><\/p>\t\t\t\t\t\t<\/div>\n\t\t\t\t<\/div>\n\t\t\t\t\t<\/div>\n\t\t<\/div>\n\t\t\t\t\t\t\t<\/div>\n\t\t<\/section>\n\t\t\t\t<section class=\"elementor-section elementor-top-section elementor-element elementor-element-d1e8273 elementor-section-boxed elementor-section-height-default elementor-section-height-default\" data-id=\"d1e8273\" data-element_type=\"section\">\n\t\t\t\t\t\t<div class=\"elementor-container elementor-column-gap-default\">\n\t\t\t\t\t<div class=\"elementor-column elementor-col-100 elementor-top-column elementor-element elementor-element-fcd39d1\" data-id=\"fcd39d1\" data-element_type=\"column\">\n\t\t\t<div class=\"elementor-widget-wrap elementor-element-populated\">\n\t\t\t\t\t\t\t\t<div class=\"elementor-element elementor-element-38c9b31 elementor-widget elementor-widget-text-editor\" data-id=\"38c9b31\" data-element_type=\"widget\" data-widget_type=\"text-editor.default\">\n\t\t\t\t<div class=\"elementor-widget-container\">\n\t\t\t\t\t\t\t<p>&#8211; <strong>Juin 2024<\/strong> : Participation de deux membres du conseil d\u2019administration d\u2019EVE, Monique et Maximilien, \u00e0 la formation \u00ab\u00a0Recruter, animer, d\u00e9velopper son r\u00e9seau de b\u00e9n\u00e9voles\u00a0\u00bb destin\u00e9e aux associations et organis\u00e9e par la ville d\u2019Ermont.<\/p><p>&#8211; <strong>23 juin 2024<\/strong> : Participation au Gala des champions et des b\u00e9n\u00e9voles.<\/p><p>&#8211; <strong>19 juillet 2024<\/strong> : participation \u00e0 la Team anneaux et aux festivit\u00e9s de la ville d\u2019Ermont lors du passage de la flamme olympique dans le Val-d\u2019Oise.<\/p><p>&#8211; <strong>7 septembre 2024<\/strong> : Forum des associations avec un stand et de nouveaux flyers.<\/p>\t\t\t\t\t\t<\/div>\n\t\t\t\t<\/div>\n\t\t\t\t\t<\/div>\n\t\t<\/div>\n\t\t\t\t\t\t\t<\/div>\n\t\t<\/section>\n\t\t\t\t<section class=\"elementor-section elementor-top-section elementor-element elementor-element-279344c elementor-section-boxed elementor-section-height-default elementor-section-height-default\" data-id=\"279344c\" data-element_type=\"section\">\n\t\t\t\t\t\t<div class=\"elementor-container elementor-column-gap-default\">\n\t\t\t\t\t<div class=\"elementor-column elementor-col-33 elementor-top-column elementor-element elementor-element-cb86952\" data-id=\"cb86952\" data-element_type=\"column\">\n\t\t\t<div class=\"elementor-widget-wrap elementor-element-populated\">\n\t\t\t\t\t\t\t\t<div class=\"elementor-element elementor-element-050d2f4 elementor-widget elementor-widget-image\" data-id=\"050d2f4\" data-element_type=\"widget\" data-widget_type=\"image.default\">\n\t\t\t\t<div class=\"elementor-widget-container\">\n\t\t\t\t\t\t\t\t\t\t\t\t\t\t\t<img loading=\"lazy\" decoding=\"async\" width=\"800\" height=\"688\" src=\"https:\/\/eve95ermont.com\/wp-content\/uploads\/2024\/11\/Photo-flamme-1024x880.jpg\" class=\"attachment-large size-large wp-image-1177\" alt=\"\" srcset=\"https:\/\/eve95ermont.com\/wp-content\/uploads\/2024\/11\/Photo-flamme-1024x880.jpg 1024w, https:\/\/eve95ermont.com\/wp-content\/uploads\/2024\/11\/Photo-flamme-300x258.jpg 300w, https:\/\/eve95ermont.com\/wp-content\/uploads\/2024\/11\/Photo-flamme-768x660.jpg 768w, https:\/\/eve95ermont.com\/wp-content\/uploads\/2024\/11\/Photo-flamme-1536x1320.jpg 1536w, https:\/\/eve95ermont.com\/wp-content\/uploads\/2024\/11\/Photo-flamme-2048x1760.jpg 2048w\" sizes=\"auto, (max-width: 800px) 100vw, 800px\" \/>\t\t\t\t\t\t\t\t\t\t\t\t\t\t\t<\/div>\n\t\t\t\t<\/div>\n\t\t\t\t\t<\/div>\n\t\t<\/div>\n\t\t\t\t<div class=\"elementor-column elementor-col-33 elementor-top-column elementor-element elementor-element-5fa0b8b\" data-id=\"5fa0b8b\" data-element_type=\"column\">\n\t\t\t<div class=\"elementor-widget-wrap elementor-element-populated\">\n\t\t\t\t\t\t\t\t<div class=\"elementor-element elementor-element-667cdc9 elementor-widget elementor-widget-image\" data-id=\"667cdc9\" data-element_type=\"widget\" data-widget_type=\"image.default\">\n\t\t\t\t<div class=\"elementor-widget-container\">\n\t\t\t\t\t\t\t\t\t\t\t\t\t\t\t<img loading=\"lazy\" decoding=\"async\" width=\"800\" height=\"600\" src=\"https:\/\/eve95ermont.com\/wp-content\/uploads\/2024\/11\/IMG_20240907_141609-1024x768.jpg\" class=\"attachment-large size-large wp-image-1179\" alt=\"\" srcset=\"https:\/\/eve95ermont.com\/wp-content\/uploads\/2024\/11\/IMG_20240907_141609-1024x768.jpg 1024w, https:\/\/eve95ermont.com\/wp-content\/uploads\/2024\/11\/IMG_20240907_141609-300x225.jpg 300w, https:\/\/eve95ermont.com\/wp-content\/uploads\/2024\/11\/IMG_20240907_141609-768x576.jpg 768w, https:\/\/eve95ermont.com\/wp-content\/uploads\/2024\/11\/IMG_20240907_141609-1536x1152.jpg 1536w, https:\/\/eve95ermont.com\/wp-content\/uploads\/2024\/11\/IMG_20240907_141609-2048x1536.jpg 2048w\" sizes=\"auto, (max-width: 800px) 100vw, 800px\" \/>\t\t\t\t\t\t\t\t\t\t\t\t\t\t\t<\/div>\n\t\t\t\t<\/div>\n\t\t\t\t\t<\/div>\n\t\t<\/div>\n\t\t\t\t<div class=\"elementor-column elementor-col-33 elementor-top-column elementor-element elementor-element-ca3d275\" data-id=\"ca3d275\" data-element_type=\"column\">\n\t\t\t<div class=\"elementor-widget-wrap elementor-element-populated\">\n\t\t\t\t\t\t\t\t<div class=\"elementor-element elementor-element-7804f3a elementor-widget elementor-widget-image\" data-id=\"7804f3a\" data-element_type=\"widget\" data-widget_type=\"image.default\">\n\t\t\t\t<div class=\"elementor-widget-container\">\n\t\t\t\t\t\t\t\t\t\t\t\t\t\t\t<img loading=\"lazy\" decoding=\"async\" width=\"211\" height=\"300\" src=\"https:\/\/eve95ermont.com\/wp-content\/uploads\/2024\/11\/FLYER-EVE-211x300.jpg\" class=\"attachment-medium size-medium wp-image-1180\" alt=\"\" srcset=\"https:\/\/eve95ermont.com\/wp-content\/uploads\/2024\/11\/FLYER-EVE-211x300.jpg 211w, https:\/\/eve95ermont.com\/wp-content\/uploads\/2024\/11\/FLYER-EVE.jpg 559w\" sizes=\"auto, (max-width: 211px) 100vw, 211px\" \/>\t\t\t\t\t\t\t\t\t\t\t\t\t\t\t<\/div>\n\t\t\t\t<\/div>\n\t\t\t\t\t<\/div>\n\t\t<\/div>\n\t\t\t\t\t\t\t<\/div>\n\t\t<\/section>\n\t\t\t\t<section class=\"elementor-section elementor-top-section elementor-element elementor-element-ddaa8f0 elementor-section-boxed elementor-section-height-default elementor-section-height-default\" data-id=\"ddaa8f0\" data-element_type=\"section\">\n\t\t\t\t\t\t<div class=\"elementor-container elementor-column-gap-default\">\n\t\t\t\t\t<div class=\"elementor-column elementor-col-33 elementor-top-column elementor-element elementor-element-1d8d166\" data-id=\"1d8d166\" data-element_type=\"column\">\n\t\t\t<div class=\"elementor-widget-wrap elementor-element-populated\">\n\t\t\t\t\t\t\t\t<div class=\"elementor-element elementor-element-0c65489 elementor-widget elementor-widget-image\" data-id=\"0c65489\" data-element_type=\"widget\" data-widget_type=\"image.default\">\n\t\t\t\t<div class=\"elementor-widget-container\">\n\t\t\t\t\t\t\t\t\t\t\t\t\t\t\t<img loading=\"lazy\" decoding=\"async\" width=\"225\" height=\"300\" src=\"https:\/\/eve95ermont.com\/wp-content\/uploads\/2024\/11\/IMG_20241006_160127-225x300.jpg\" class=\"attachment-medium size-medium wp-image-1181\" alt=\"\" srcset=\"https:\/\/eve95ermont.com\/wp-content\/uploads\/2024\/11\/IMG_20241006_160127-225x300.jpg 225w, https:\/\/eve95ermont.com\/wp-content\/uploads\/2024\/11\/IMG_20241006_160127-768x1024.jpg 768w, https:\/\/eve95ermont.com\/wp-content\/uploads\/2024\/11\/IMG_20241006_160127-1152x1536.jpg 1152w, https:\/\/eve95ermont.com\/wp-content\/uploads\/2024\/11\/IMG_20241006_160127-1536x2048.jpg 1536w, https:\/\/eve95ermont.com\/wp-content\/uploads\/2024\/11\/IMG_20241006_160127-scaled.jpg 1920w\" sizes=\"auto, (max-width: 225px) 100vw, 225px\" \/>\t\t\t\t\t\t\t\t\t\t\t\t\t\t\t<\/div>\n\t\t\t\t<\/div>\n\t\t\t\t\t<\/div>\n\t\t<\/div>\n\t\t\t\t<div class=\"elementor-column elementor-col-66 elementor-top-column elementor-element elementor-element-ed10810\" data-id=\"ed10810\" data-element_type=\"column\">\n\t\t\t<div class=\"elementor-widget-wrap elementor-element-populated\">\n\t\t\t\t\t\t\t\t<div class=\"elementor-element elementor-element-2130f4d elementor-widget elementor-widget-text-editor\" data-id=\"2130f4d\" data-element_type=\"widget\" data-widget_type=\"text-editor.default\">\n\t\t\t\t<div class=\"elementor-widget-container\">\n\t\t\t\t\t\t\t<p>Ensuite, <a href=\"https:\/\/eve95ermont.com\/index.php\/membres-presidente-ariane-bellard-2-2-2-2\/\" target=\"_blank\" rel=\"noopener\">Ariane BELARD<\/a> a pr\u00e9sent\u00e9 les activit\u00e9s \u00e0 venir\u00a0:<\/p><ul><li><strong>8-11 novembre 2024 <\/strong>: Voyage d\u2019une d\u00e9l\u00e9gation de 20 personnes d\u2019EVE \u00e0 Loja<\/li><li><strong>23-29-30 novembre \/ 1<sup>er<\/sup> d\u00e9cembre 2024<\/strong> : Participation au T\u00e9l\u00e9thon (vente de confitures, soupes, roses et participation \u00e0 l\u2019organisation d\u2019un karaok\u00e9)<\/li><li><strong>18 janvier 2025 <\/strong>: Galette des rois avec animations<\/li><li><strong>8 mars 2025<\/strong> : Go\u00fbter de l\u2019association<\/li><li><strong>27-29 juin 2025 <\/strong>: Invitation \u00e0 Lampertheim pour la F\u00eate des Jumelages<\/li><\/ul>\t\t\t\t\t\t<\/div>\n\t\t\t\t<\/div>\n\t\t\t\t\t<\/div>\n\t\t<\/div>\n\t\t\t\t\t\t\t<\/div>\n\t\t<\/section>\n\t\t\t\t<section class=\"elementor-section elementor-top-section elementor-element elementor-element-883d26a elementor-section-boxed elementor-section-height-default elementor-section-height-default\" data-id=\"883d26a\" data-element_type=\"section\">\n\t\t\t\t\t\t<div class=\"elementor-container elementor-column-gap-default\">\n\t\t\t\t\t<div class=\"elementor-column elementor-col-100 elementor-top-column elementor-element elementor-element-0c8a3c4\" data-id=\"0c8a3c4\" data-element_type=\"column\">\n\t\t\t<div class=\"elementor-widget-wrap elementor-element-populated\">\n\t\t\t\t\t\t\t\t<div class=\"elementor-element elementor-element-800a342 elementor-widget elementor-widget-text-editor\" data-id=\"800a342\" data-element_type=\"widget\" data-widget_type=\"text-editor.default\">\n\t\t\t\t<div class=\"elementor-widget-container\">\n\t\t\t\t\t\t\t<p>Diverses discussions ont permis de mettre en avant d\u2019autres id\u00e9es de projets et de rappeler que <a href=\"https:\/\/eve95ermont.com\/index.php\/membres-monique-marquer\/\" target=\"_blank\" rel=\"noopener\">Monique MARQUER<\/a> propose des cours d\u2019espagnol \u00e0 la Maison des Esp\u00e9rances chaque lundi apr\u00e8s-midi de 14h \u00e0 16h.<\/p>\t\t\t\t\t\t<\/div>\n\t\t\t\t<\/div>\n\t\t\t\t\t<\/div>\n\t\t<\/div>\n\t\t\t\t\t\t\t<\/div>\n\t\t<\/section>\n\t\t\t\t<section class=\"elementor-section elementor-top-section elementor-element elementor-element-49c16c3 elementor-section-boxed elementor-section-height-default elementor-section-height-default\" data-id=\"49c16c3\" data-element_type=\"section\">\n\t\t\t\t\t\t<div class=\"elementor-container elementor-column-gap-default\">\n\t\t\t\t\t<div class=\"elementor-column elementor-col-66 elementor-top-column elementor-element elementor-element-e352156\" data-id=\"e352156\" data-element_type=\"column\">\n\t\t\t<div class=\"elementor-widget-wrap elementor-element-populated\">\n\t\t\t\t\t\t\t\t<div class=\"elementor-element elementor-element-08d429c elementor-widget elementor-widget-text-editor\" data-id=\"08d429c\" data-element_type=\"widget\" data-widget_type=\"text-editor.default\">\n\t\t\t\t<div class=\"elementor-widget-container\">\n\t\t\t\t\t\t\t<p>La r\u00e9union s\u2019est termin\u00e9e autour d\u2019un go\u00fbter convivial. Cela a \u00e9t\u00e9 l\u2019occasion de d\u00e9couvrir Marietou qui va faire un stage de deux mois en novembre et d\u00e9cembre au sein de notre association afin d\u2019aider les membres du conseil d\u2019administration. Nous lui souhaitons la bienvenue&nbsp;!<\/p>\n<p><br><\/p>\t\t\t\t\t\t<\/div>\n\t\t\t\t<\/div>\n\t\t\t\t\t<\/div>\n\t\t<\/div>\n\t\t\t\t<div class=\"elementor-column elementor-col-33 elementor-top-column elementor-element elementor-element-f4875f8\" data-id=\"f4875f8\" data-element_type=\"column\">\n\t\t\t<div class=\"elementor-widget-wrap elementor-element-populated\">\n\t\t\t\t\t\t\t\t<div class=\"elementor-element elementor-element-99ceaa3 elementor-widget elementor-widget-image\" data-id=\"99ceaa3\" data-element_type=\"widget\" data-widget_type=\"image.default\">\n\t\t\t\t<div class=\"elementor-widget-container\">\n\t\t\t\t\t\t\t\t\t\t\t\t\t\t\t<img loading=\"lazy\" decoding=\"async\" width=\"150\" height=\"150\" src=\"https:\/\/eve95ermont.com\/wp-content\/uploads\/2024\/11\/Marietou-IMG_20241105_184629-150x150.jpg\" class=\"attachment-thumbnail size-thumbnail wp-image-1182\" alt=\"\" \/>\t\t\t\t\t\t\t\t\t\t\t\t\t\t\t<\/div>\n\t\t\t\t<\/div>\n\t\t\t\t\t<\/div>\n\t\t<\/div>\n\t\t\t\t\t\t\t<\/div>\n\t\t<\/section>\n\t\t\t\t<section class=\"elementor-section elementor-top-section elementor-element elementor-element-f660b1d elementor-section-boxed elementor-section-height-default elementor-section-height-default\" data-id=\"f660b1d\" data-element_type=\"section\">\n\t\t\t\t\t\t<div class=\"elementor-container elementor-column-gap-default\">\n\t\t\t\t\t<div class=\"elementor-column elementor-col-100 elementor-top-column elementor-element elementor-element-f7d54c2\" data-id=\"f7d54c2\" data-element_type=\"column\">\n\t\t\t<div class=\"elementor-widget-wrap elementor-element-populated\">\n\t\t\t\t\t\t\t\t<div class=\"elementor-element elementor-element-5defca4 elementor-widget elementor-widget-text-editor\" data-id=\"5defca4\" data-element_type=\"widget\" data-widget_type=\"text-editor.default\">\n\t\t\t\t<div class=\"elementor-widget-container\">\n\t\t\t\t\t\t\t<p><a href=\"https:\/\/eve95ermont.com\/index.php\/membres-elodie-kerfourn\/\" target=\"_blank\" rel=\"noopener\">\u00c9lodie K.<\/a><\/p>\t\t\t\t\t\t<\/div>\n\t\t\t\t<\/div>\n\t\t\t\t\t<\/div>\n\t\t<\/div>\n\t\t\t\t\t\t\t<\/div>\n\t\t<\/section>\n\t\t\t\t\t\t\t<\/div>\n\t\t","protected":false},"excerpt":{"rendered":"<p>Une nouvelle A.G. pour la rentr\u00e9e Ermont Ville d\u2019Europe a fait sa rentr\u00e9e le dimanche 6 octobre 2024 \u00e0 l\u2019Arche avec son Assembl\u00e9e G\u00e9n\u00e9rale\u2026 D\u00e8s leur arriv\u00e9e, les membres de l\u2019association ont \u00e9t\u00e9 accueillis avec un caf\u00e9 et petits g\u00e2teaux avant de s\u2019installer pour la r\u00e9union. Ariane BELARD, notre pr\u00e9sidente a fait un retour sur [&hellip;]<\/p>\n","protected":false},"author":4,"featured_media":1175,"comment_status":"closed","ping_status":"closed","sticky":false,"template":"","format":"standard","meta":{"footnotes":""},"categories":[35,8,1],"tags":[33],"class_list":["post-1172","post","type-post","status-publish","format-standard","has-post-thumbnail","hentry","category-blog","category-evenement","category-non-classe","tag-passe"],"yoast_head":"<!-- This site is optimized with the Yoast SEO plugin v27.5 - https:\/\/yoast.com\/product\/yoast-seo-wordpress\/ -->\n<title>Une nouvelle A.G. pour la rentr\u00e9e - Ermont Ville d&#039;Europe<\/title>\n<meta name=\"description\" content=\"Ermont Ville d\u2019Europe a fait sa rentr\u00e9e le dimanche 6 octobre 2024 \u00e0 l\u2019Arche avec son Assembl\u00e9e G\u00e9n\u00e9rale\u2026\" \/>\n<meta name=\"robots\" content=\"index, follow, max-snippet:-1, max-image-preview:large, max-video-preview:-1\" \/>\n<link rel=\"canonical\" href=\"https:\/\/eve95ermont.com\/index.php\/2024\/11\/06\/elementor-1172\/\" \/>\n<meta property=\"og:locale\" content=\"fr_FR\" \/>\n<meta property=\"og:type\" content=\"article\" \/>\n<meta property=\"og:title\" content=\"Une nouvelle A.G. pour la rentr\u00e9e - Ermont Ville d&#039;Europe\" \/>\n<meta property=\"og:description\" content=\"Ermont Ville d\u2019Europe a fait sa rentr\u00e9e le dimanche 6 octobre 2024 \u00e0 l\u2019Arche avec son Assembl\u00e9e G\u00e9n\u00e9rale\u2026\" \/>\n<meta property=\"og:url\" content=\"https:\/\/eve95ermont.com\/index.php\/2024\/11\/06\/elementor-1172\/\" \/>\n<meta property=\"og:site_name\" content=\"Ermont Ville d&#039;Europe\" \/>\n<meta property=\"article:published_time\" content=\"2024-11-06T17:42:00+00:00\" \/>\n<meta property=\"article:modified_time\" content=\"2025-04-01T17:55:43+00:00\" \/>\n<meta property=\"og:image\" content=\"https:\/\/eve95ermont.com\/wp-content\/uploads\/2024\/11\/IMG_20241006_142123-scaled.jpg\" \/>\n\t<meta property=\"og:image:width\" content=\"1920\" \/>\n\t<meta property=\"og:image:height\" content=\"2560\" \/>\n\t<meta property=\"og:image:type\" content=\"image\/jpeg\" \/>\n<meta name=\"author\" content=\"Elodie Kerfoun\" \/>\n<meta name=\"twitter:card\" content=\"summary_large_image\" \/>\n<meta name=\"twitter:label1\" content=\"\u00c9crit par\" \/>\n\t<meta name=\"twitter:data1\" content=\"Elodie Kerfoun\" \/>\n\t<meta name=\"twitter:label2\" content=\"Dur\u00e9e de lecture estim\u00e9e\" \/>\n\t<meta name=\"twitter:data2\" content=\"4 minutes\" \/>\n<script type=\"application\/ld+json\" class=\"yoast-schema-graph\">{\"@context\":\"https:\\\/\\\/schema.org\",\"@graph\":[{\"@type\":\"Article\",\"@id\":\"https:\\\/\\\/eve95ermont.com\\\/index.php\\\/2024\\\/11\\\/06\\\/elementor-1172\\\/#article\",\"isPartOf\":{\"@id\":\"https:\\\/\\\/eve95ermont.com\\\/index.php\\\/2024\\\/11\\\/06\\\/elementor-1172\\\/\"},\"author\":{\"name\":\"Elodie Kerfoun\",\"@id\":\"https:\\\/\\\/eve95ermont.com\\\/#\\\/schema\\\/person\\\/2cd6f09d7ef61006a13823818908984d\"},\"headline\":\"Une nouvelle A.G. pour la rentr\u00e9e\",\"datePublished\":\"2024-11-06T17:42:00+00:00\",\"dateModified\":\"2025-04-01T17:55:43+00:00\",\"mainEntityOfPage\":{\"@id\":\"https:\\\/\\\/eve95ermont.com\\\/index.php\\\/2024\\\/11\\\/06\\\/elementor-1172\\\/\"},\"wordCount\":390,\"publisher\":{\"@id\":\"https:\\\/\\\/eve95ermont.com\\\/#organization\"},\"image\":{\"@id\":\"https:\\\/\\\/eve95ermont.com\\\/index.php\\\/2024\\\/11\\\/06\\\/elementor-1172\\\/#primaryimage\"},\"thumbnailUrl\":\"https:\\\/\\\/eve95ermont.com\\\/wp-content\\\/uploads\\\/2024\\\/11\\\/IMG_20241006_142123-scaled.jpg\",\"keywords\":[\"Pass\u00e9\"],\"articleSection\":[\"Blog\",\"Evenement\"],\"inLanguage\":\"fr-FR\"},{\"@type\":\"WebPage\",\"@id\":\"https:\\\/\\\/eve95ermont.com\\\/index.php\\\/2024\\\/11\\\/06\\\/elementor-1172\\\/\",\"url\":\"https:\\\/\\\/eve95ermont.com\\\/index.php\\\/2024\\\/11\\\/06\\\/elementor-1172\\\/\",\"name\":\"Une nouvelle A.G. pour la rentr\u00e9e - Ermont Ville d&#039;Europe\",\"isPartOf\":{\"@id\":\"https:\\\/\\\/eve95ermont.com\\\/#website\"},\"primaryImageOfPage\":{\"@id\":\"https:\\\/\\\/eve95ermont.com\\\/index.php\\\/2024\\\/11\\\/06\\\/elementor-1172\\\/#primaryimage\"},\"image\":{\"@id\":\"https:\\\/\\\/eve95ermont.com\\\/index.php\\\/2024\\\/11\\\/06\\\/elementor-1172\\\/#primaryimage\"},\"thumbnailUrl\":\"https:\\\/\\\/eve95ermont.com\\\/wp-content\\\/uploads\\\/2024\\\/11\\\/IMG_20241006_142123-scaled.jpg\",\"datePublished\":\"2024-11-06T17:42:00+00:00\",\"dateModified\":\"2025-04-01T17:55:43+00:00\",\"description\":\"Ermont Ville d\u2019Europe a fait sa rentr\u00e9e le dimanche 6 octobre 2024 \u00e0 l\u2019Arche avec son Assembl\u00e9e G\u00e9n\u00e9rale\u2026\",\"breadcrumb\":{\"@id\":\"https:\\\/\\\/eve95ermont.com\\\/index.php\\\/2024\\\/11\\\/06\\\/elementor-1172\\\/#breadcrumb\"},\"inLanguage\":\"fr-FR\",\"potentialAction\":[{\"@type\":\"ReadAction\",\"target\":[\"https:\\\/\\\/eve95ermont.com\\\/index.php\\\/2024\\\/11\\\/06\\\/elementor-1172\\\/\"]}]},{\"@type\":\"ImageObject\",\"inLanguage\":\"fr-FR\",\"@id\":\"https:\\\/\\\/eve95ermont.com\\\/index.php\\\/2024\\\/11\\\/06\\\/elementor-1172\\\/#primaryimage\",\"url\":\"https:\\\/\\\/eve95ermont.com\\\/wp-content\\\/uploads\\\/2024\\\/11\\\/IMG_20241006_142123-scaled.jpg\",\"contentUrl\":\"https:\\\/\\\/eve95ermont.com\\\/wp-content\\\/uploads\\\/2024\\\/11\\\/IMG_20241006_142123-scaled.jpg\",\"width\":1920,\"height\":2560},{\"@type\":\"BreadcrumbList\",\"@id\":\"https:\\\/\\\/eve95ermont.com\\\/index.php\\\/2024\\\/11\\\/06\\\/elementor-1172\\\/#breadcrumb\",\"itemListElement\":[{\"@type\":\"ListItem\",\"position\":1,\"name\":\"Accueil\",\"item\":\"https:\\\/\\\/eve95ermont.com\\\/\"},{\"@type\":\"ListItem\",\"position\":2,\"name\":\"Une nouvelle A.G. pour la rentr\u00e9e\"}]},{\"@type\":\"WebSite\",\"@id\":\"https:\\\/\\\/eve95ermont.com\\\/#website\",\"url\":\"https:\\\/\\\/eve95ermont.com\\\/\",\"name\":\"Ermont Ville d&#039;Europe\",\"description\":\"L&#039;association de jumelage d&#039;Ermont\",\"publisher\":{\"@id\":\"https:\\\/\\\/eve95ermont.com\\\/#organization\"},\"potentialAction\":[{\"@type\":\"SearchAction\",\"target\":{\"@type\":\"EntryPoint\",\"urlTemplate\":\"https:\\\/\\\/eve95ermont.com\\\/?s={search_term_string}\"},\"query-input\":{\"@type\":\"PropertyValueSpecification\",\"valueRequired\":true,\"valueName\":\"search_term_string\"}}],\"inLanguage\":\"fr-FR\"},{\"@type\":\"Organization\",\"@id\":\"https:\\\/\\\/eve95ermont.com\\\/#organization\",\"name\":\"Ermont Ville d&#039;Europe\",\"url\":\"https:\\\/\\\/eve95ermont.com\\\/\",\"logo\":{\"@type\":\"ImageObject\",\"inLanguage\":\"fr-FR\",\"@id\":\"https:\\\/\\\/eve95ermont.com\\\/#\\\/schema\\\/logo\\\/image\\\/\",\"url\":\"https:\\\/\\\/eve95ermont.com\\\/wp-content\\\/uploads\\\/2023\\\/06\\\/cropped-logo-eve-proposition-gris-clair-contour-noir-v2.png\",\"contentUrl\":\"https:\\\/\\\/eve95ermont.com\\\/wp-content\\\/uploads\\\/2023\\\/06\\\/cropped-logo-eve-proposition-gris-clair-contour-noir-v2.png\",\"width\":1157,\"height\":709,\"caption\":\"Ermont Ville d&#039;Europe\"},\"image\":{\"@id\":\"https:\\\/\\\/eve95ermont.com\\\/#\\\/schema\\\/logo\\\/image\\\/\"}},{\"@type\":\"Person\",\"@id\":\"https:\\\/\\\/eve95ermont.com\\\/#\\\/schema\\\/person\\\/2cd6f09d7ef61006a13823818908984d\",\"name\":\"Elodie Kerfoun\",\"image\":{\"@type\":\"ImageObject\",\"inLanguage\":\"fr-FR\",\"@id\":\"https:\\\/\\\/secure.gravatar.com\\\/avatar\\\/b11752c6354808651950b7e69e3f3fabf759d6389c2317904d3c1b53ae3b6f41?s=96&d=mm&r=g\",\"url\":\"https:\\\/\\\/secure.gravatar.com\\\/avatar\\\/b11752c6354808651950b7e69e3f3fabf759d6389c2317904d3c1b53ae3b6f41?s=96&d=mm&r=g\",\"contentUrl\":\"https:\\\/\\\/secure.gravatar.com\\\/avatar\\\/b11752c6354808651950b7e69e3f3fabf759d6389c2317904d3c1b53ae3b6f41?s=96&d=mm&r=g\",\"caption\":\"Elodie Kerfoun\"},\"url\":\"https:\\\/\\\/eve95ermont.com\\\/index.php\\\/author\\\/elodie\\\/\"}]}<\/script>\n<!-- \/ Yoast SEO plugin. -->","yoast_head_json":{"title":"Une nouvelle A.G. pour la rentr\u00e9e - Ermont Ville d&#039;Europe","description":"Ermont Ville d\u2019Europe a fait sa rentr\u00e9e le dimanche 6 octobre 2024 \u00e0 l\u2019Arche avec son Assembl\u00e9e G\u00e9n\u00e9rale\u2026","robots":{"index":"index","follow":"follow","max-snippet":"max-snippet:-1","max-image-preview":"max-image-preview:large","max-video-preview":"max-video-preview:-1"},"canonical":"https:\/\/eve95ermont.com\/index.php\/2024\/11\/06\/elementor-1172\/","og_locale":"fr_FR","og_type":"article","og_title":"Une nouvelle A.G. pour la rentr\u00e9e - Ermont Ville d&#039;Europe","og_description":"Ermont Ville d\u2019Europe a fait sa rentr\u00e9e le dimanche 6 octobre 2024 \u00e0 l\u2019Arche avec son Assembl\u00e9e G\u00e9n\u00e9rale\u2026","og_url":"https:\/\/eve95ermont.com\/index.php\/2024\/11\/06\/elementor-1172\/","og_site_name":"Ermont Ville d&#039;Europe","article_published_time":"2024-11-06T17:42:00+00:00","article_modified_time":"2025-04-01T17:55:43+00:00","og_image":[{"width":1920,"height":2560,"url":"https:\/\/eve95ermont.com\/wp-content\/uploads\/2024\/11\/IMG_20241006_142123-scaled.jpg","type":"image\/jpeg"}],"author":"Elodie Kerfoun","twitter_card":"summary_large_image","twitter_misc":{"\u00c9crit par":"Elodie Kerfoun","Dur\u00e9e de lecture estim\u00e9e":"4 minutes"},"schema":{"@context":"https:\/\/schema.org","@graph":[{"@type":"Article","@id":"https:\/\/eve95ermont.com\/index.php\/2024\/11\/06\/elementor-1172\/#article","isPartOf":{"@id":"https:\/\/eve95ermont.com\/index.php\/2024\/11\/06\/elementor-1172\/"},"author":{"name":"Elodie Kerfoun","@id":"https:\/\/eve95ermont.com\/#\/schema\/person\/2cd6f09d7ef61006a13823818908984d"},"headline":"Une nouvelle A.G. pour la rentr\u00e9e","datePublished":"2024-11-06T17:42:00+00:00","dateModified":"2025-04-01T17:55:43+00:00","mainEntityOfPage":{"@id":"https:\/\/eve95ermont.com\/index.php\/2024\/11\/06\/elementor-1172\/"},"wordCount":390,"publisher":{"@id":"https:\/\/eve95ermont.com\/#organization"},"image":{"@id":"https:\/\/eve95ermont.com\/index.php\/2024\/11\/06\/elementor-1172\/#primaryimage"},"thumbnailUrl":"https:\/\/eve95ermont.com\/wp-content\/uploads\/2024\/11\/IMG_20241006_142123-scaled.jpg","keywords":["Pass\u00e9"],"articleSection":["Blog","Evenement"],"inLanguage":"fr-FR"},{"@type":"WebPage","@id":"https:\/\/eve95ermont.com\/index.php\/2024\/11\/06\/elementor-1172\/","url":"https:\/\/eve95ermont.com\/index.php\/2024\/11\/06\/elementor-1172\/","name":"Une nouvelle A.G. pour la rentr\u00e9e - Ermont Ville d&#039;Europe","isPartOf":{"@id":"https:\/\/eve95ermont.com\/#website"},"primaryImageOfPage":{"@id":"https:\/\/eve95ermont.com\/index.php\/2024\/11\/06\/elementor-1172\/#primaryimage"},"image":{"@id":"https:\/\/eve95ermont.com\/index.php\/2024\/11\/06\/elementor-1172\/#primaryimage"},"thumbnailUrl":"https:\/\/eve95ermont.com\/wp-content\/uploads\/2024\/11\/IMG_20241006_142123-scaled.jpg","datePublished":"2024-11-06T17:42:00+00:00","dateModified":"2025-04-01T17:55:43+00:00","description":"Ermont Ville d\u2019Europe a fait sa rentr\u00e9e le dimanche 6 octobre 2024 \u00e0 l\u2019Arche avec son Assembl\u00e9e G\u00e9n\u00e9rale\u2026","breadcrumb":{"@id":"https:\/\/eve95ermont.com\/index.php\/2024\/11\/06\/elementor-1172\/#breadcrumb"},"inLanguage":"fr-FR","potentialAction":[{"@type":"ReadAction","target":["https:\/\/eve95ermont.com\/index.php\/2024\/11\/06\/elementor-1172\/"]}]},{"@type":"ImageObject","inLanguage":"fr-FR","@id":"https:\/\/eve95ermont.com\/index.php\/2024\/11\/06\/elementor-1172\/#primaryimage","url":"https:\/\/eve95ermont.com\/wp-content\/uploads\/2024\/11\/IMG_20241006_142123-scaled.jpg","contentUrl":"https:\/\/eve95ermont.com\/wp-content\/uploads\/2024\/11\/IMG_20241006_142123-scaled.jpg","width":1920,"height":2560},{"@type":"BreadcrumbList","@id":"https:\/\/eve95ermont.com\/index.php\/2024\/11\/06\/elementor-1172\/#breadcrumb","itemListElement":[{"@type":"ListItem","position":1,"name":"Accueil","item":"https:\/\/eve95ermont.com\/"},{"@type":"ListItem","position":2,"name":"Une nouvelle A.G. pour la rentr\u00e9e"}]},{"@type":"WebSite","@id":"https:\/\/eve95ermont.com\/#website","url":"https:\/\/eve95ermont.com\/","name":"Ermont Ville d&#039;Europe","description":"L&#039;association de jumelage d&#039;Ermont","publisher":{"@id":"https:\/\/eve95ermont.com\/#organization"},"potentialAction":[{"@type":"SearchAction","target":{"@type":"EntryPoint","urlTemplate":"https:\/\/eve95ermont.com\/?s={search_term_string}"},"query-input":{"@type":"PropertyValueSpecification","valueRequired":true,"valueName":"search_term_string"}}],"inLanguage":"fr-FR"},{"@type":"Organization","@id":"https:\/\/eve95ermont.com\/#organization","name":"Ermont Ville d&#039;Europe","url":"https:\/\/eve95ermont.com\/","logo":{"@type":"ImageObject","inLanguage":"fr-FR","@id":"https:\/\/eve95ermont.com\/#\/schema\/logo\/image\/","url":"https:\/\/eve95ermont.com\/wp-content\/uploads\/2023\/06\/cropped-logo-eve-proposition-gris-clair-contour-noir-v2.png","contentUrl":"https:\/\/eve95ermont.com\/wp-content\/uploads\/2023\/06\/cropped-logo-eve-proposition-gris-clair-contour-noir-v2.png","width":1157,"height":709,"caption":"Ermont Ville d&#039;Europe"},"image":{"@id":"https:\/\/eve95ermont.com\/#\/schema\/logo\/image\/"}},{"@type":"Person","@id":"https:\/\/eve95ermont.com\/#\/schema\/person\/2cd6f09d7ef61006a13823818908984d","name":"Elodie Kerfoun","image":{"@type":"ImageObject","inLanguage":"fr-FR","@id":"https:\/\/secure.gravatar.com\/avatar\/b11752c6354808651950b7e69e3f3fabf759d6389c2317904d3c1b53ae3b6f41?s=96&d=mm&r=g","url":"https:\/\/secure.gravatar.com\/avatar\/b11752c6354808651950b7e69e3f3fabf759d6389c2317904d3c1b53ae3b6f41?s=96&d=mm&r=g","contentUrl":"https:\/\/secure.gravatar.com\/avatar\/b11752c6354808651950b7e69e3f3fabf759d6389c2317904d3c1b53ae3b6f41?s=96&d=mm&r=g","caption":"Elodie Kerfoun"},"url":"https:\/\/eve95ermont.com\/index.php\/author\/elodie\/"}]}},"_links":{"self":[{"href":"https:\/\/eve95ermont.com\/index.php\/wp-json\/wp\/v2\/posts\/1172","targetHints":{"allow":["GET"]}}],"collection":[{"href":"https:\/\/eve95ermont.com\/index.php\/wp-json\/wp\/v2\/posts"}],"about":[{"href":"https:\/\/eve95ermont.com\/index.php\/wp-json\/wp\/v2\/types\/post"}],"author":[{"embeddable":true,"href":"https:\/\/eve95ermont.com\/index.php\/wp-json\/wp\/v2\/users\/4"}],"replies":[{"embeddable":true,"href":"https:\/\/eve95ermont.com\/index.php\/wp-json\/wp\/v2\/comments?post=1172"}],"version-history":[{"count":5,"href":"https:\/\/eve95ermont.com\/index.php\/wp-json\/wp\/v2\/posts\/1172\/revisions"}],"predecessor-version":[{"id":1187,"href":"https:\/\/eve95ermont.com\/index.php\/wp-json\/wp\/v2\/posts\/1172\/revisions\/1187"}],"wp:featuredmedia":[{"embeddable":true,"href":"https:\/\/eve95ermont.com\/index.php\/wp-json\/wp\/v2\/media\/1175"}],"wp:attachment":[{"href":"https:\/\/eve95ermont.com\/index.php\/wp-json\/wp\/v2\/media?parent=1172"}],"wp:term":[{"taxonomy":"category","embeddable":true,"href":"https:\/\/eve95ermont.com\/index.php\/wp-json\/wp\/v2\/categories?post=1172"},{"taxonomy":"post_tag","embeddable":true,"href":"https:\/\/eve95ermont.com\/index.php\/wp-json\/wp\/v2\/tags?post=1172"}],"curies":[{"name":"wp","href":"https:\/\/api.w.org\/{rel}","templated":true}]}}