{"id":1027,"date":"2024-02-20T19:53:49","date_gmt":"2024-02-20T18:53:49","guid":{"rendered":"https:\/\/eve95ermont.com\/?p=1027"},"modified":"2024-06-23T12:34:21","modified_gmt":"2024-06-23T10:34:21","slug":"atelier-cuisine-le-9-mars","status":"publish","type":"post","link":"https:\/\/eve95ermont.com\/index.php\/2024\/02\/20\/atelier-cuisine-le-9-mars\/","title":{"rendered":"Atelier cuisine le 9 mars&#8230;"},"content":{"rendered":"\n<figure class=\"wp-block-image size-large\"><img loading=\"lazy\" decoding=\"async\" width=\"1024\" height=\"724\" src=\"https:\/\/eve95ermont.com\/wp-content\/uploads\/2024\/02\/Invitation-9-mars-1024x724.jpg\" alt=\"\" class=\"wp-image-1028\" srcset=\"https:\/\/eve95ermont.com\/wp-content\/uploads\/2024\/02\/Invitation-9-mars-1024x724.jpg 1024w, https:\/\/eve95ermont.com\/wp-content\/uploads\/2024\/02\/Invitation-9-mars-300x212.jpg 300w, https:\/\/eve95ermont.com\/wp-content\/uploads\/2024\/02\/Invitation-9-mars-768x543.jpg 768w, https:\/\/eve95ermont.com\/wp-content\/uploads\/2024\/02\/Invitation-9-mars-1536x1086.jpg 1536w, https:\/\/eve95ermont.com\/wp-content\/uploads\/2024\/02\/Invitation-9-mars.jpg 1754w\" sizes=\"auto, (max-width: 1024px) 100vw, 1024px\" \/><\/figure>\n\n\n\n<p><\/p>\n\n\n\n<p><\/p>\n\n\n\n<p class=\"has-text-align-center\">Chers Amis, Chers Adh\u00e9rents,<\/p>\n\n\n\n<p class=\"has-text-align-center\">L&rsquo;Association Ermont Ville d&rsquo;Europe vous convie \u00e0 un atelier cuisine le samedi 9 mars 2024 \u00e0 12h00, <\/p>\n\n\n\n<p class=\"has-text-align-center\">celui-ci sera suivi d&rsquo;une d\u00e9gustation \u00e0 partir de 13h00<\/p>\n\n\n\n<p><\/p>\n\n\n\n<p class=\"has-text-align-center\"><strong><a href=\"https:\/\/www.ermont.fr\/fileadmin\/www.ermont.fr\/MEDIA\/Ermont_pratique\/Vie_quotidienne\/Salles_a_louer\/Salle_arche.JPG\">Salle de l\u2019Arche<\/a><\/strong><\/p>\n\n\n\n<p class=\"has-text-align-center\"><strong>150 rue de la Gare \u2013 95120 ERMONT<\/strong><\/p>\n\n\n\n<p><\/p>\n\n\n\n<p class=\"has-text-align-center\">Au menu :&nbsp;<\/p>\n\n\n\n<p class=\"has-text-align-center\">Bricks au thon<\/p>\n\n\n\n<p class=\"has-text-align-center\">Tartare de saumon aux mangues et coriandre<\/p>\n\n\n\n<p class=\"has-text-align-center\">Poulet au miel gingembre et moutarde<\/p>\n\n\n\n<p class=\"has-text-align-center\">Bricks ch\u00e8vre miel<\/p>\n\n\n\n<p class=\"has-text-align-center\">Orange \u00e0 l&rsquo;espagnol<\/p>\n\n\n\n<p><\/p>\n\n\n\n<p class=\"has-text-align-center\">Nous vous attendons nombreux et vous remercions de bien vouloir nous renvoyer le bulletin de participation re\u00e7u par mail&nbsp;avant le 1er mars 2024.&nbsp;<\/p>\n\n\n\n<p class=\"has-text-align-center\">Contact : eve95ermont@gmail.com <\/p>\n\n\n\n<p class=\"has-text-align-center\"><\/p>\n\n\n\n<p class=\"has-text-align-center\"><\/p>\n\n\n\n<p><\/p>\n","protected":false},"excerpt":{"rendered":"<p>Ermont Ville d&rsquo;Europe vous invite \u00e0 participer \u00e0 un atelier de cuisine le 9 mars 2024. Venez nombreux !<\/p>\n","protected":false},"author":4,"featured_media":1028,"comment_status":"closed","ping_status":"closed","sticky":false,"template":"","format":"standard","meta":{"footnotes":""},"categories":[35,8],"tags":[33],"class_list":["post-1027","post","type-post","status-publish","format-standard","has-post-thumbnail","hentry","category-blog","category-evenement","tag-passe"],"yoast_head":"<!-- This site is optimized with the Yoast SEO plugin v27.5 - https:\/\/yoast.com\/product\/yoast-seo-wordpress\/ -->\n<title>Atelier cuisine le 9 mars... - Ermont Ville d&#039;Europe<\/title>\n<meta name=\"description\" content=\"Ermont Ville d&#039;Europe vous invite \u00e0 un atelier cuisine... puis \u00e0 un repas le samedi 9 mars \u00e0l &#039;Arche ( Errmont)\" \/>\n<meta name=\"robots\" content=\"index, follow, max-snippet:-1, max-image-preview:large, max-video-preview:-1\" \/>\n<link rel=\"canonical\" href=\"http:\/\/eve95ermont.com\/index.php\/2024\/02\/20\/atelier-cuisine-le-9-mars\/\" \/>\n<meta property=\"og:locale\" content=\"fr_FR\" \/>\n<meta property=\"og:type\" content=\"article\" \/>\n<meta property=\"og:title\" content=\"Atelier cuisine le 9 mars... - Ermont Ville d&#039;Europe\" \/>\n<meta property=\"og:description\" content=\"Ermont Ville d&#039;Europe vous invite \u00e0 un atelier cuisine... puis \u00e0 un repas le samedi 9 mars \u00e0l &#039;Arche ( Errmont)\" \/>\n<meta property=\"og:url\" content=\"http:\/\/eve95ermont.com\/index.php\/2024\/02\/20\/atelier-cuisine-le-9-mars\/\" \/>\n<meta property=\"og:site_name\" content=\"Ermont Ville d&#039;Europe\" \/>\n<meta property=\"article:published_time\" content=\"2024-02-20T18:53:49+00:00\" \/>\n<meta property=\"article:modified_time\" content=\"2024-06-23T10:34:21+00:00\" \/>\n<meta property=\"og:image\" content=\"http:\/\/eve95ermont.com\/wp-content\/uploads\/2024\/02\/Invitation-9-mars.jpg\" \/>\n\t<meta property=\"og:image:width\" content=\"1754\" \/>\n\t<meta property=\"og:image:height\" content=\"1240\" \/>\n\t<meta property=\"og:image:type\" content=\"image\/jpeg\" \/>\n<meta name=\"author\" content=\"Elodie Kerfoun\" \/>\n<meta name=\"twitter:card\" content=\"summary_large_image\" \/>\n<meta name=\"twitter:label1\" content=\"\u00c9crit par\" \/>\n\t<meta name=\"twitter:data1\" content=\"Elodie Kerfoun\" \/>\n\t<meta name=\"twitter:label2\" content=\"Dur\u00e9e de lecture estim\u00e9e\" \/>\n\t<meta name=\"twitter:data2\" content=\"1 minute\" \/>\n<script type=\"application\/ld+json\" class=\"yoast-schema-graph\">{\"@context\":\"https:\\\/\\\/schema.org\",\"@graph\":[{\"@type\":\"Article\",\"@id\":\"http:\\\/\\\/eve95ermont.com\\\/index.php\\\/2024\\\/02\\\/20\\\/atelier-cuisine-le-9-mars\\\/#article\",\"isPartOf\":{\"@id\":\"http:\\\/\\\/eve95ermont.com\\\/index.php\\\/2024\\\/02\\\/20\\\/atelier-cuisine-le-9-mars\\\/\"},\"author\":{\"name\":\"Elodie Kerfoun\",\"@id\":\"https:\\\/\\\/eve95ermont.com\\\/#\\\/schema\\\/person\\\/2cd6f09d7ef61006a13823818908984d\"},\"headline\":\"Atelier cuisine le 9 mars&#8230;\",\"datePublished\":\"2024-02-20T18:53:49+00:00\",\"dateModified\":\"2024-06-23T10:34:21+00:00\",\"mainEntityOfPage\":{\"@id\":\"http:\\\/\\\/eve95ermont.com\\\/index.php\\\/2024\\\/02\\\/20\\\/atelier-cuisine-le-9-mars\\\/\"},\"wordCount\":96,\"publisher\":{\"@id\":\"https:\\\/\\\/eve95ermont.com\\\/#organization\"},\"image\":{\"@id\":\"http:\\\/\\\/eve95ermont.com\\\/index.php\\\/2024\\\/02\\\/20\\\/atelier-cuisine-le-9-mars\\\/#primaryimage\"},\"thumbnailUrl\":\"https:\\\/\\\/eve95ermont.com\\\/wp-content\\\/uploads\\\/2024\\\/02\\\/Invitation-9-mars.jpg\",\"keywords\":[\"Pass\u00e9\"],\"articleSection\":[\"Blog\",\"Evenement\"],\"inLanguage\":\"fr-FR\"},{\"@type\":\"WebPage\",\"@id\":\"http:\\\/\\\/eve95ermont.com\\\/index.php\\\/2024\\\/02\\\/20\\\/atelier-cuisine-le-9-mars\\\/\",\"url\":\"http:\\\/\\\/eve95ermont.com\\\/index.php\\\/2024\\\/02\\\/20\\\/atelier-cuisine-le-9-mars\\\/\",\"name\":\"Atelier cuisine le 9 mars... - Ermont Ville d&#039;Europe\",\"isPartOf\":{\"@id\":\"https:\\\/\\\/eve95ermont.com\\\/#website\"},\"primaryImageOfPage\":{\"@id\":\"http:\\\/\\\/eve95ermont.com\\\/index.php\\\/2024\\\/02\\\/20\\\/atelier-cuisine-le-9-mars\\\/#primaryimage\"},\"image\":{\"@id\":\"http:\\\/\\\/eve95ermont.com\\\/index.php\\\/2024\\\/02\\\/20\\\/atelier-cuisine-le-9-mars\\\/#primaryimage\"},\"thumbnailUrl\":\"https:\\\/\\\/eve95ermont.com\\\/wp-content\\\/uploads\\\/2024\\\/02\\\/Invitation-9-mars.jpg\",\"datePublished\":\"2024-02-20T18:53:49+00:00\",\"dateModified\":\"2024-06-23T10:34:21+00:00\",\"description\":\"Ermont Ville d'Europe vous invite \u00e0 un atelier cuisine... puis \u00e0 un repas le samedi 9 mars \u00e0l 'Arche ( Errmont)\",\"breadcrumb\":{\"@id\":\"http:\\\/\\\/eve95ermont.com\\\/index.php\\\/2024\\\/02\\\/20\\\/atelier-cuisine-le-9-mars\\\/#breadcrumb\"},\"inLanguage\":\"fr-FR\",\"potentialAction\":[{\"@type\":\"ReadAction\",\"target\":[\"http:\\\/\\\/eve95ermont.com\\\/index.php\\\/2024\\\/02\\\/20\\\/atelier-cuisine-le-9-mars\\\/\"]}]},{\"@type\":\"ImageObject\",\"inLanguage\":\"fr-FR\",\"@id\":\"http:\\\/\\\/eve95ermont.com\\\/index.php\\\/2024\\\/02\\\/20\\\/atelier-cuisine-le-9-mars\\\/#primaryimage\",\"url\":\"https:\\\/\\\/eve95ermont.com\\\/wp-content\\\/uploads\\\/2024\\\/02\\\/Invitation-9-mars.jpg\",\"contentUrl\":\"https:\\\/\\\/eve95ermont.com\\\/wp-content\\\/uploads\\\/2024\\\/02\\\/Invitation-9-mars.jpg\",\"width\":1754,\"height\":1240},{\"@type\":\"BreadcrumbList\",\"@id\":\"http:\\\/\\\/eve95ermont.com\\\/index.php\\\/2024\\\/02\\\/20\\\/atelier-cuisine-le-9-mars\\\/#breadcrumb\",\"itemListElement\":[{\"@type\":\"ListItem\",\"position\":1,\"name\":\"Accueil\",\"item\":\"https:\\\/\\\/eve95ermont.com\\\/\"},{\"@type\":\"ListItem\",\"position\":2,\"name\":\"Atelier cuisine le 9 mars&#8230;\"}]},{\"@type\":\"WebSite\",\"@id\":\"https:\\\/\\\/eve95ermont.com\\\/#website\",\"url\":\"https:\\\/\\\/eve95ermont.com\\\/\",\"name\":\"Ermont Ville d&#039;Europe\",\"description\":\"L&#039;association de jumelage d&#039;Ermont\",\"publisher\":{\"@id\":\"https:\\\/\\\/eve95ermont.com\\\/#organization\"},\"potentialAction\":[{\"@type\":\"SearchAction\",\"target\":{\"@type\":\"EntryPoint\",\"urlTemplate\":\"https:\\\/\\\/eve95ermont.com\\\/?s={search_term_string}\"},\"query-input\":{\"@type\":\"PropertyValueSpecification\",\"valueRequired\":true,\"valueName\":\"search_term_string\"}}],\"inLanguage\":\"fr-FR\"},{\"@type\":\"Organization\",\"@id\":\"https:\\\/\\\/eve95ermont.com\\\/#organization\",\"name\":\"Ermont Ville d&#039;Europe\",\"url\":\"https:\\\/\\\/eve95ermont.com\\\/\",\"logo\":{\"@type\":\"ImageObject\",\"inLanguage\":\"fr-FR\",\"@id\":\"https:\\\/\\\/eve95ermont.com\\\/#\\\/schema\\\/logo\\\/image\\\/\",\"url\":\"https:\\\/\\\/eve95ermont.com\\\/wp-content\\\/uploads\\\/2023\\\/06\\\/cropped-logo-eve-proposition-gris-clair-contour-noir-v2.png\",\"contentUrl\":\"https:\\\/\\\/eve95ermont.com\\\/wp-content\\\/uploads\\\/2023\\\/06\\\/cropped-logo-eve-proposition-gris-clair-contour-noir-v2.png\",\"width\":1157,\"height\":709,\"caption\":\"Ermont Ville d&#039;Europe\"},\"image\":{\"@id\":\"https:\\\/\\\/eve95ermont.com\\\/#\\\/schema\\\/logo\\\/image\\\/\"}},{\"@type\":\"Person\",\"@id\":\"https:\\\/\\\/eve95ermont.com\\\/#\\\/schema\\\/person\\\/2cd6f09d7ef61006a13823818908984d\",\"name\":\"Elodie Kerfoun\",\"image\":{\"@type\":\"ImageObject\",\"inLanguage\":\"fr-FR\",\"@id\":\"https:\\\/\\\/secure.gravatar.com\\\/avatar\\\/b11752c6354808651950b7e69e3f3fabf759d6389c2317904d3c1b53ae3b6f41?s=96&d=mm&r=g\",\"url\":\"https:\\\/\\\/secure.gravatar.com\\\/avatar\\\/b11752c6354808651950b7e69e3f3fabf759d6389c2317904d3c1b53ae3b6f41?s=96&d=mm&r=g\",\"contentUrl\":\"https:\\\/\\\/secure.gravatar.com\\\/avatar\\\/b11752c6354808651950b7e69e3f3fabf759d6389c2317904d3c1b53ae3b6f41?s=96&d=mm&r=g\",\"caption\":\"Elodie Kerfoun\"},\"url\":\"https:\\\/\\\/eve95ermont.com\\\/index.php\\\/author\\\/elodie\\\/\"}]}<\/script>\n<!-- \/ Yoast SEO plugin. -->","yoast_head_json":{"title":"Atelier cuisine le 9 mars... - Ermont Ville d&#039;Europe","description":"Ermont Ville d'Europe vous invite \u00e0 un atelier cuisine... puis \u00e0 un repas le samedi 9 mars \u00e0l 'Arche ( Errmont)","robots":{"index":"index","follow":"follow","max-snippet":"max-snippet:-1","max-image-preview":"max-image-preview:large","max-video-preview":"max-video-preview:-1"},"canonical":"http:\/\/eve95ermont.com\/index.php\/2024\/02\/20\/atelier-cuisine-le-9-mars\/","og_locale":"fr_FR","og_type":"article","og_title":"Atelier cuisine le 9 mars... - Ermont Ville d&#039;Europe","og_description":"Ermont Ville d'Europe vous invite \u00e0 un atelier cuisine... puis \u00e0 un repas le samedi 9 mars \u00e0l 'Arche ( Errmont)","og_url":"http:\/\/eve95ermont.com\/index.php\/2024\/02\/20\/atelier-cuisine-le-9-mars\/","og_site_name":"Ermont Ville d&#039;Europe","article_published_time":"2024-02-20T18:53:49+00:00","article_modified_time":"2024-06-23T10:34:21+00:00","og_image":[{"width":1754,"height":1240,"url":"http:\/\/eve95ermont.com\/wp-content\/uploads\/2024\/02\/Invitation-9-mars.jpg","type":"image\/jpeg"}],"author":"Elodie Kerfoun","twitter_card":"summary_large_image","twitter_misc":{"\u00c9crit par":"Elodie Kerfoun","Dur\u00e9e de lecture estim\u00e9e":"1 minute"},"schema":{"@context":"https:\/\/schema.org","@graph":[{"@type":"Article","@id":"http:\/\/eve95ermont.com\/index.php\/2024\/02\/20\/atelier-cuisine-le-9-mars\/#article","isPartOf":{"@id":"http:\/\/eve95ermont.com\/index.php\/2024\/02\/20\/atelier-cuisine-le-9-mars\/"},"author":{"name":"Elodie Kerfoun","@id":"https:\/\/eve95ermont.com\/#\/schema\/person\/2cd6f09d7ef61006a13823818908984d"},"headline":"Atelier cuisine le 9 mars&#8230;","datePublished":"2024-02-20T18:53:49+00:00","dateModified":"2024-06-23T10:34:21+00:00","mainEntityOfPage":{"@id":"http:\/\/eve95ermont.com\/index.php\/2024\/02\/20\/atelier-cuisine-le-9-mars\/"},"wordCount":96,"publisher":{"@id":"https:\/\/eve95ermont.com\/#organization"},"image":{"@id":"http:\/\/eve95ermont.com\/index.php\/2024\/02\/20\/atelier-cuisine-le-9-mars\/#primaryimage"},"thumbnailUrl":"https:\/\/eve95ermont.com\/wp-content\/uploads\/2024\/02\/Invitation-9-mars.jpg","keywords":["Pass\u00e9"],"articleSection":["Blog","Evenement"],"inLanguage":"fr-FR"},{"@type":"WebPage","@id":"http:\/\/eve95ermont.com\/index.php\/2024\/02\/20\/atelier-cuisine-le-9-mars\/","url":"http:\/\/eve95ermont.com\/index.php\/2024\/02\/20\/atelier-cuisine-le-9-mars\/","name":"Atelier cuisine le 9 mars... - Ermont Ville d&#039;Europe","isPartOf":{"@id":"https:\/\/eve95ermont.com\/#website"},"primaryImageOfPage":{"@id":"http:\/\/eve95ermont.com\/index.php\/2024\/02\/20\/atelier-cuisine-le-9-mars\/#primaryimage"},"image":{"@id":"http:\/\/eve95ermont.com\/index.php\/2024\/02\/20\/atelier-cuisine-le-9-mars\/#primaryimage"},"thumbnailUrl":"https:\/\/eve95ermont.com\/wp-content\/uploads\/2024\/02\/Invitation-9-mars.jpg","datePublished":"2024-02-20T18:53:49+00:00","dateModified":"2024-06-23T10:34:21+00:00","description":"Ermont Ville d'Europe vous invite \u00e0 un atelier cuisine... puis \u00e0 un repas le samedi 9 mars \u00e0l 'Arche ( Errmont)","breadcrumb":{"@id":"http:\/\/eve95ermont.com\/index.php\/2024\/02\/20\/atelier-cuisine-le-9-mars\/#breadcrumb"},"inLanguage":"fr-FR","potentialAction":[{"@type":"ReadAction","target":["http:\/\/eve95ermont.com\/index.php\/2024\/02\/20\/atelier-cuisine-le-9-mars\/"]}]},{"@type":"ImageObject","inLanguage":"fr-FR","@id":"http:\/\/eve95ermont.com\/index.php\/2024\/02\/20\/atelier-cuisine-le-9-mars\/#primaryimage","url":"https:\/\/eve95ermont.com\/wp-content\/uploads\/2024\/02\/Invitation-9-mars.jpg","contentUrl":"https:\/\/eve95ermont.com\/wp-content\/uploads\/2024\/02\/Invitation-9-mars.jpg","width":1754,"height":1240},{"@type":"BreadcrumbList","@id":"http:\/\/eve95ermont.com\/index.php\/2024\/02\/20\/atelier-cuisine-le-9-mars\/#breadcrumb","itemListElement":[{"@type":"ListItem","position":1,"name":"Accueil","item":"https:\/\/eve95ermont.com\/"},{"@type":"ListItem","position":2,"name":"Atelier cuisine le 9 mars&#8230;"}]},{"@type":"WebSite","@id":"https:\/\/eve95ermont.com\/#website","url":"https:\/\/eve95ermont.com\/","name":"Ermont Ville d&#039;Europe","description":"L&#039;association de jumelage d&#039;Ermont","publisher":{"@id":"https:\/\/eve95ermont.com\/#organization"},"potentialAction":[{"@type":"SearchAction","target":{"@type":"EntryPoint","urlTemplate":"https:\/\/eve95ermont.com\/?s={search_term_string}"},"query-input":{"@type":"PropertyValueSpecification","valueRequired":true,"valueName":"search_term_string"}}],"inLanguage":"fr-FR"},{"@type":"Organization","@id":"https:\/\/eve95ermont.com\/#organization","name":"Ermont Ville d&#039;Europe","url":"https:\/\/eve95ermont.com\/","logo":{"@type":"ImageObject","inLanguage":"fr-FR","@id":"https:\/\/eve95ermont.com\/#\/schema\/logo\/image\/","url":"https:\/\/eve95ermont.com\/wp-content\/uploads\/2023\/06\/cropped-logo-eve-proposition-gris-clair-contour-noir-v2.png","contentUrl":"https:\/\/eve95ermont.com\/wp-content\/uploads\/2023\/06\/cropped-logo-eve-proposition-gris-clair-contour-noir-v2.png","width":1157,"height":709,"caption":"Ermont Ville d&#039;Europe"},"image":{"@id":"https:\/\/eve95ermont.com\/#\/schema\/logo\/image\/"}},{"@type":"Person","@id":"https:\/\/eve95ermont.com\/#\/schema\/person\/2cd6f09d7ef61006a13823818908984d","name":"Elodie Kerfoun","image":{"@type":"ImageObject","inLanguage":"fr-FR","@id":"https:\/\/secure.gravatar.com\/avatar\/b11752c6354808651950b7e69e3f3fabf759d6389c2317904d3c1b53ae3b6f41?s=96&d=mm&r=g","url":"https:\/\/secure.gravatar.com\/avatar\/b11752c6354808651950b7e69e3f3fabf759d6389c2317904d3c1b53ae3b6f41?s=96&d=mm&r=g","contentUrl":"https:\/\/secure.gravatar.com\/avatar\/b11752c6354808651950b7e69e3f3fabf759d6389c2317904d3c1b53ae3b6f41?s=96&d=mm&r=g","caption":"Elodie Kerfoun"},"url":"https:\/\/eve95ermont.com\/index.php\/author\/elodie\/"}]}},"_links":{"self":[{"href":"https:\/\/eve95ermont.com\/index.php\/wp-json\/wp\/v2\/posts\/1027","targetHints":{"allow":["GET"]}}],"collection":[{"href":"https:\/\/eve95ermont.com\/index.php\/wp-json\/wp\/v2\/posts"}],"about":[{"href":"https:\/\/eve95ermont.com\/index.php\/wp-json\/wp\/v2\/types\/post"}],"author":[{"embeddable":true,"href":"https:\/\/eve95ermont.com\/index.php\/wp-json\/wp\/v2\/users\/4"}],"replies":[{"embeddable":true,"href":"https:\/\/eve95ermont.com\/index.php\/wp-json\/wp\/v2\/comments?post=1027"}],"version-history":[{"count":2,"href":"https:\/\/eve95ermont.com\/index.php\/wp-json\/wp\/v2\/posts\/1027\/revisions"}],"predecessor-version":[{"id":1030,"href":"https:\/\/eve95ermont.com\/index.php\/wp-json\/wp\/v2\/posts\/1027\/revisions\/1030"}],"wp:featuredmedia":[{"embeddable":true,"href":"https:\/\/eve95ermont.com\/index.php\/wp-json\/wp\/v2\/media\/1028"}],"wp:attachment":[{"href":"https:\/\/eve95ermont.com\/index.php\/wp-json\/wp\/v2\/media?parent=1027"}],"wp:term":[{"taxonomy":"category","embeddable":true,"href":"https:\/\/eve95ermont.com\/index.php\/wp-json\/wp\/v2\/categories?post=1027"},{"taxonomy":"post_tag","embeddable":true,"href":"https:\/\/eve95ermont.com\/index.php\/wp-json\/wp\/v2\/tags?post=1027"}],"curies":[{"name":"wp","href":"https:\/\/api.w.org\/{rel}","templated":true}]}}